{"id":9879,"date":"2016-02-05T16:13:11","date_gmt":"2016-02-05T15:13:11","guid":{"rendered":"https:\/\/anihabara.de\/index.php\/2016\/02\/05\/naechste-umsetzung-von-berserk-fuer-juli-angekuendigt\/"},"modified":"2023-10-30T18:43:52","modified_gmt":"2023-10-30T17:43:52","slug":"naechste-umsetzung-von-berserk-fuer-juli-angekuendigt","status":"publish","type":"post","link":"https:\/\/anihabara.de\/index.php\/2016\/02\/05\/naechste-umsetzung-von-berserk-fuer-juli-angekuendigt\/","title":{"rendered":"N\u00e4chste Umsetzung von Berserk f\u00fcr Juli angek\u00fcndigt"},"content":{"rendered":"<p><span style=\"font-size: 16pt;\">Ab Juli reiht sich der \u201eBlack Swordsman\u201c-Ark in die Reihe der verfilmten Berserk-Kapitel des Erfolgsmanga von Kentarou Miura ein. Nun wurde eine Premiere f\u00fcr Juli auf WOWOW und MBS in Aussicht gestellt.<br \/>\n<\/span><\/p>\n<p><!--more--><\/p>\n<p>Gerade in j\u00fcngster Vergangenheit erfreute sich der seit 1989 laufende Manga aus dem Hause Hakusensha gro\u00dfer Beliebtheit. Nach der 2012 begonnenen Filmtrilogie von Studio 4\u00b0C, die mittlerweile abgeschlossen bei <a href=\"https:\/\/www.universumanime.de\/filme\/132105\/berserk-das-goldene-zeitalter-3.html\" target=\"_blank\" rel=\"noopener\">Universum Anime<\/a> erh\u00e4ltlich ist, und Olms Anime-Umsetzung der ersten 7 B\u00e4nde aus dem Jahre 1997 folgt nun ein weiterer Anime. Mit diesem wagt sich ein noch nicht bekannt gegebenes Studio an ein noch nicht verfilmten Ark, welches auf MBS im \u201eAnimeism\u201c-Programmblock nach der WOWOW-Ausstrahlung l\u00e4uft, so die <a href=\"http:\/\/berserk-anime.com\/\" target=\"_blank\" rel=\"noopener\">offizielle Website<\/a> des Sommerseason-Neulings.<\/p>\n<p><iframe width=\"560\" height=\"315\" src=\"https:\/\/www.youtube.com\/embed\/QIA9xg2oIew\" frameborder=\"0\" allowfullscreen><\/iframe><\/p>\n<p>Trotz seiner langen Pausen, die j\u00fcngste l\u00e4uft aktuell seit Dezember bis diesen Sommer, z\u00e4hlt Berserk mittlerweile 37 Sammelb\u00e4nde, 341 Kapitel und \u00fcber 40 Millionen verkaufte Exemplare. Die Lizenz hierzulande tr\u00e4gt <a href=\"https:\/\/www.paninishop.de\/artikel\/berserk-37\" target=\"_blank\" rel=\"noopener\">Panini<\/a>, die den 37. Sammelband auch bereits 2013 ver\u00f6ffentlicht haben.<\/p>\n<p>(Quelle: ANN)<\/p>\n","protected":false},"excerpt":{"rendered":"<p>Ab Juli reiht sich der \u201eBlack Swordsman\u201c-Ark in die Reihe der verfilmten Berserk-Kapitel des Erfolgsmanga von Kentarou Miura ein. Nun wurde eine Premiere f\u00fcr Juli auf WOWOW und MBS in Aussicht gestellt.<\/p>\n","protected":false},"author":100,"featured_media":19294,"comment_status":"open","ping_status":"open","sticky":false,"template":"","format":"standard","meta":{"_acf_changed":false,"episode_type":"","audio_file":"","cover_image":"","cover_image_id":"","duration":"","filesize":"","date_recorded":"","explicit":"","block":"","filesize_raw":"","footnotes":""},"categories":[983],"tags":[1011,1012],"class_list":["post-9879","post","type-post","status-publish","format-standard","has-post-thumbnail","hentry","category-anime-jp","tag-mangaadaption","tag-neuer-anime"],"acf":[],"_links":{"self":[{"href":"https:\/\/anihabara.de\/index.php\/wp-json\/wp\/v2\/posts\/9879","targetHints":{"allow":["GET"]}}],"collection":[{"href":"https:\/\/anihabara.de\/index.php\/wp-json\/wp\/v2\/posts"}],"about":[{"href":"https:\/\/anihabara.de\/index.php\/wp-json\/wp\/v2\/types\/post"}],"author":[{"embeddable":true,"href":"https:\/\/anihabara.de\/index.php\/wp-json\/wp\/v2\/users\/100"}],"replies":[{"embeddable":true,"href":"https:\/\/anihabara.de\/index.php\/wp-json\/wp\/v2\/comments?post=9879"}],"version-history":[{"count":2,"href":"https:\/\/anihabara.de\/index.php\/wp-json\/wp\/v2\/posts\/9879\/revisions"}],"predecessor-version":[{"id":19315,"href":"https:\/\/anihabara.de\/index.php\/wp-json\/wp\/v2\/posts\/9879\/revisions\/19315"}],"wp:featuredmedia":[{"embeddable":true,"href":"https:\/\/anihabara.de\/index.php\/wp-json\/wp\/v2\/media\/19294"}],"wp:attachment":[{"href":"https:\/\/anihabara.de\/index.php\/wp-json\/wp\/v2\/media?parent=9879"}],"wp:term":[{"taxonomy":"category","embeddable":true,"href":"https:\/\/anihabara.de\/index.php\/wp-json\/wp\/v2\/categories?post=9879"},{"taxonomy":"post_tag","embeddable":true,"href":"https:\/\/anihabara.de\/index.php\/wp-json\/wp\/v2\/tags?post=9879"}],"curies":[{"name":"wp","href":"https:\/\/api.w.org\/{rel}","templated":true}]}}