{"id":14731,"date":"2021-09-25T16:02:30","date_gmt":"2021-09-25T14:02:30","guid":{"rendered":"https:\/\/anihabara.de\/index.php\/2021\/09\/25\/my-hero-academia-finale-episode-kuendigt-sechste-staffel-an-2\/"},"modified":"2023-11-27T02:37:13","modified_gmt":"2023-11-27T01:37:13","slug":"my-hero-academia-finale-episode-kuendigt-sechste-staffel-an-2","status":"publish","type":"post","link":"https:\/\/anihabara.de\/index.php\/2021\/09\/25\/my-hero-academia-finale-episode-kuendigt-sechste-staffel-an-2\/","title":{"rendered":"\u00bbMy Hero Academia\u00ab &#8211; Finale Episode k\u00fcndigt sechste Staffel an"},"content":{"rendered":"<p><span style=\"font-size: 16pt;\">In Staffel 6 ist es endlich so weit: Der allesentscheidende Kampf gegen die Metakr\u00e4fte-Befreiungsarmee r\u00fcckt n\u00e4her.<\/span><\/p>\n<p><!--more--><\/p>\n<p>Die f\u00fcnfte Staffel basierend auf K\u014dhei Horikoshis Sh\u014dnen-Manga \u00bbMy Hero Academia\u00ab endete heute mit der 25. Episode sowie der Ank\u00fcndigung, dass der Anime eine sechste Staffel erhalten wird. Die neue Staffel wird den \u00bbLiberation War\u00ab- des Originalmangas um, in dem es zum vollst\u00e4ndigen Schlagabtausch zwischen Helden und B\u00f6sewichten kommt. Der Handlungsstrang umspannt die B\u00e4nde 26 bis 31 im Manga. Weitere Details wie etwa ein Starttermin, das Produktionsteam sowie die Episodenanzahl stehen noch aus.<\/p>\n<p><iframe width=\"480\" height=\"270\" src=\"https:\/\/www.youtube.com\/embed\/yJv2Fa-LtxQ\" title=\"YouTube video player\" frameborder=\"0\" allow=\"accelerometer; autoplay; clipboard-write; encrypted-media; gyroscope; picture-in-picture\" allowfullscreen><\/iframe><\/p>\n<h4>25 B\u00e4nde der Vorlage wurden bislang umgesetzt<\/h4>\n<p>Die f\u00fcnfte Staffel feierte am 27. M\u00e4rz in Japan Premiere,&nbsp;entstand bei Studio Bones (\u00bbFullmetal Alchemist Brotherhood\u00ab, \u00bbMob Psycho 100\u00ab) und z\u00e4hlt 25 Episoden. Die Regie f\u00fchrte Masahiro Mukai (\u00bbMy Hero Academia 4\u00ab) mit Kenji Nagasaki (Regie: \u00bbMy Hero Academia 1\u20133\u00ab) als Chief Director. Yousuke Kuroda (\u00bbMy Hero Academia 1\u20135\u00ab, \u00bbHellsing Ultimate\u00ab) war weiterhin verantwortlich f\u00fcr das Drehbuch. Yoshihiko Umakoshi (\u00bbMy Hero Academia 1\u20135\u00ab, \u00bbMushishi\u00ab) und Hitomi Odashima (Assistant Character Design: \u00bbMy Hero Academia 2\u20134\u00ab) entwarfen die Charakterdesigns, w\u00e4hrend Yuki Hayashi (\u00bbDeath Parade\u00ab) wie bisher den Soundtrack komponierte.<\/p>\n<p>Die bisherigen f\u00fcnf Staffeln des 113 Episoden umspannenden Anime strahlte Anime on Demand in Deutschland im Simulcast aus. Staffel 5 zeigte Crunchyroll ebenfalls. Die 13-teilige erste Staffel feierte im April 2016 Premiere, gefolgt von der 25-teiligen zweiten Staffel im April 2017 sowie der 25-teiligen dritten Staffel im April 2018 und der 25-teiligen vierten Staffel im Oktober 2019. Zus\u00e4tzlich erschienen die ersten drei Staffeln bei Kaz\u00e9 auf DVD und Blu-ray mit deutscher Synchronisation. Die dritte von f\u00fcnf Volumes zur vierten Staffel erscheint am 7. Oktober 2021.<\/p>\n<p>Zum Franchise z\u00e4hlen au\u00dferdem vier OVAs sowie drei Filme. Der erste Animefilm \u00bbMy Hero Academia: Two Heroes\u00ab kam im Juli 2018 in die japanischen Kinos, gefolgt von \u00bbMy Hero Academia: Heroes Rising\u00ab im Dezember 2019. Zuletzt lief am 6. August 2021 \u00bbMy Hero Academia: World Heroes\u2019 Mission\u00ab in Japan an. Kinofilm Nr. 2 \u00bbMy Hero Academia: Heroes Rising\u00ab zeigte Kaz\u00e9 Anime ab dem 24. Juni 2021 in \u00fcber 200 Kinos in Deutschland, \u00d6sterreich sowie der Schweiz.<\/p>\n<p>K\u014dhei Horikoshi startete den Superhelden-Manga im Juli 2014 im \u00bbWeekly Sh\u014dnen Jump\u00ab bei Shueisha. Er z\u00e4hlt derzeit 32 B\u00e4nde in Japan, von denen die ersten 28 B\u00e4nde bei Carlsen Manga in deutscher Sprache erschienen.<\/p>\n<p><strong>Darum geht es:<\/strong><\/p>\n<blockquote><p>Der junge Izuku Midoriya hat nur einen Traum: Er m\u00f6chte eines Tages ein Superheld werden \u2013 genau wie sein gro\u00dfes Idol All Might. Diese Seifenblase zerplatzt, als er feststellt, dass er einer der wenigen Menschen ist, die keine angeborene Spezialit\u00e4t \u2013 also eine besondere F\u00e4higkeit \u2013 besitzen. Aber auch als Normalo will Izuku nicht aufgeben und bewirbt sich trotz der L\u00e4stereien seiner Mitsch\u00fcler f\u00fcr die Aufnahmepr\u00fcfung an der Yuei-Akademie f\u00fcr Superhelden. Eigentlich ist sein Vorhaben zum Scheitern verurteilt, doch dann l\u00e4uft er eines Tages zuf\u00e4llig All Might \u00fcber den Weg. Ger\u00fchrt von Izukus unb\u00e4ndigem Willen, l\u00e4sst sich der gr\u00f6\u00dfte Held aller Zeiten schlie\u00dflich darauf ein, den naiven Wuschelkopf unter seine Fittiche zu nehmen. Wird das allein aber ausreichen, um gegen die starke Konkurrenz an Heldenanw\u00e4rtern zu bestehen?<\/p>\n<p><small>Kaz\u00e9 Anime<\/small><\/p><\/blockquote>\n<p>(Quelle: ANN)<\/p>\n","protected":false},"excerpt":{"rendered":"<p>In Staffel 6 ist es endlich so weit: Der allesentscheidende Kampf gegen die Metakr\u00e4fte-Befreiungsarmee r\u00fcckt n\u00e4her.<\/p>\n","protected":false},"author":100,"featured_media":17237,"comment_status":"open","ping_status":"open","sticky":false,"template":"","format":"standard","meta":{"_acf_changed":false,"episode_type":"","audio_file":"","cover_image":"","cover_image_id":"","duration":"","filesize":"","date_recorded":"","explicit":"","block":"","filesize_raw":"","footnotes":""},"categories":[983],"tags":[1022,1011,1012],"class_list":["post-14731","post","type-post","status-publish","format-standard","has-post-thumbnail","hentry","category-anime-jp","tag-animefortsetzung","tag-mangaadaption","tag-neuer-anime"],"acf":[],"_links":{"self":[{"href":"https:\/\/anihabara.de\/index.php\/wp-json\/wp\/v2\/posts\/14731","targetHints":{"allow":["GET"]}}],"collection":[{"href":"https:\/\/anihabara.de\/index.php\/wp-json\/wp\/v2\/posts"}],"about":[{"href":"https:\/\/anihabara.de\/index.php\/wp-json\/wp\/v2\/types\/post"}],"author":[{"embeddable":true,"href":"https:\/\/anihabara.de\/index.php\/wp-json\/wp\/v2\/users\/100"}],"replies":[{"embeddable":true,"href":"https:\/\/anihabara.de\/index.php\/wp-json\/wp\/v2\/comments?post=14731"}],"version-history":[{"count":2,"href":"https:\/\/anihabara.de\/index.php\/wp-json\/wp\/v2\/posts\/14731\/revisions"}],"predecessor-version":[{"id":21159,"href":"https:\/\/anihabara.de\/index.php\/wp-json\/wp\/v2\/posts\/14731\/revisions\/21159"}],"wp:featuredmedia":[{"embeddable":true,"href":"https:\/\/anihabara.de\/index.php\/wp-json\/wp\/v2\/media\/17237"}],"wp:attachment":[{"href":"https:\/\/anihabara.de\/index.php\/wp-json\/wp\/v2\/media?parent=14731"}],"wp:term":[{"taxonomy":"category","embeddable":true,"href":"https:\/\/anihabara.de\/index.php\/wp-json\/wp\/v2\/categories?post=14731"},{"taxonomy":"post_tag","embeddable":true,"href":"https:\/\/anihabara.de\/index.php\/wp-json\/wp\/v2\/tags?post=14731"}],"curies":[{"name":"wp","href":"https:\/\/api.w.org\/{rel}","templated":true}]}}