{"id":14728,"date":"2021-09-20T16:49:36","date_gmt":"2021-09-20T14:49:36","guid":{"rendered":"https:\/\/anihabara.de\/index.php\/2021\/09\/20\/the-case-study-of-vanitas-zweite-haelfte-feiert-im-januar-2022-premiere-2\/"},"modified":"2023-11-27T02:36:54","modified_gmt":"2023-11-27T01:36:54","slug":"the-case-study-of-vanitas-zweite-haelfte-feiert-im-januar-2022-premiere-2","status":"publish","type":"post","link":"https:\/\/anihabara.de\/index.php\/2021\/09\/20\/the-case-study-of-vanitas-zweite-haelfte-feiert-im-januar-2022-premiere-2\/","title":{"rendered":"\u00bbThe Case Study of Vanitas\u00ab &#8211; Zweite H\u00e4lfte feiert im Januar 2022 Premiere"},"content":{"rendered":"<p><span style=\"font-size: 16pt;\">Frostige Zeiten: Vanitas &amp; Noe setzen ihre Reise im Januar in verschneiten L\u00e4ndereien fort. Ihre n\u00e4chste Widersacherin scheint Jeanne zu kennen \u2026<\/span><\/p>\n<p><!--more--><\/p>\n<p><img decoding=\"async\" style=\"float: right; margin-left: 2%;\" src=\"https:\/\/anihabara.de\/wp-content\/uploads\/2023\/11\/E_feNdVVEAYhjok.jpg\" width=\"25%\" alt=\"The Case Study of Vanitas - Part 2\" \/>Der offizielle <a href=\"https:\/\/twitter.com\/vanitas_anime\/status\/1438887719460036614\" target=\"_blank\" rel=\"noopener\">Twitter-Account<\/a> zum Anime \u00bbThe Case Study of Vanitas\u00ab \u2013 im Original \u00bbVanitas no Carte\u00ab \u2013 k\u00fcndigte am Samstag im Anschluss an die Ausstrahlung der finalen 12. Episode an, dass der zweite Teil der Serie ab Januar 2022 im japanischen TV ausgestrahlt werden wird. Des Weiteren wurde <a href=\"https:\/\/myanimelist.net\/people\/8\/\" target=\"_blank\" rel=\"noopener\">Rie Kugimiya<\/a> (Taiga Aisaka aus \u00bbToradora!\u00ab) als Synchronsprecherin von Chlo\u00e9 vorgestellt \u2013 der Bestie von G\u00e9vaudan, die eine zentrale Rolle im zweiten Cour spielen wird.<\/p>\n<h4>\u00bbPandora Hearts\u00ab-Mangaka Jun Mochizuki schrieb die Vorlage<\/h4>\n<p>Verantwortlich f\u00fcr die Anime-Umsetzung zeichnete Studio Bones (\u00bbMy Hero Academia\u00ab, \u00bbNoragami\u00ab, \u00bbCarole &amp; Tuesday\u00ab) mit Tomoyuki Itamura (\u00bbNisemonogatari\u00ab) als Regisseur. Deko Akao (\u00bbNoragami\u00ab, \u00bbDie rothaarige Schneeprinzessin\u00ab) schrieb das Drehbuch, w\u00e4hrend Yoshiyuki Ito (\u00bbCarole &amp; Tuesday\u00ab) als Chefanimationsdirektor die Charakterdesigns f\u00fcr den Anime umsetzte. Yuki Kajiura (\u00bbFate\/Zero\u00ab, \u00bbSword Art Online\u00ab) komponierte den Soundtrack. Hierzulande zeigte Wakanim \u00bbThe Case Study of Vanitas\u00ab parallel zur japanischen TV-Ausstrahlung seit 2. Juli im Simulcast sowie in deutscher Vertonung auch als Simuldub.<\/p>\n<p>Jun Mochizuki (\u00bbPandora Hearts\u00ab, \u00bbCrimson-Shell\u00ab) ver\u00f6ffentlicht neue Kapitel des Steampunk-Fantasy-Mangas seit Dezember 2015 in Square Enix\u2019 monatlich erscheinenden \u00bbGangan Joker\u00ab-Magazin. Die Reihe z\u00e4hlt derzeit neun B\u00e4nde in Japan sowie acht B\u00e4nde hierzulande. Verleger der deutschen Ausgabe ist Carlsen Manga.<\/p>\n<p><strong>Darum geht es:<\/strong><\/p>\n<blockquote><p>Dies ist die Geschichte vom Ende der Vampire. Frankreich, 19. Jahrhundert. Mensch und Vampir leben Seite an Seite. No\u00e9, ein junger Vampir, ist auf der Suche nach dem Buch des Vanitas, einem Grimoire, das in der Lage sein soll, Vampire mit einem Fluch zu belegen. Sein Weg f\u00fchrt ihn nach Paris, doch noch bevor er dort ankommt, wird er in einen Zwischenfall an Bord eines Luftschiffes verwickelt. Im Zentrum des Tumults steht Vanitas, seines Zeichens Arzt, der sich auf Vampire spezialisiert hat. Und ein einfacher Mensch. Doch in seiner Hand hielt er kein anderes als jenes Grimoire, nach dem No\u00e9 sucht \u2026 Ihre Begegnung markiert den Beginn dieser Geschichte. Einer Geschichte von Vampiren, Fl\u00fcchen und Erl\u00f6sung \u2026<\/p>\n<p><small>Wakanim<\/small><\/p><\/blockquote>\n<p>(Quelle: ANN)<\/p>\n","protected":false},"excerpt":{"rendered":"<p>Frostige Zeiten: Vanitas &amp; Noe setzen ihre Reise im Januar in verschneiten L\u00e4ndereien fort. Ihre n\u00e4chste Widersacherin scheint Jeanne zu kennen \u2026<\/p>\n","protected":false},"author":100,"featured_media":17266,"comment_status":"open","ping_status":"open","sticky":false,"template":"","format":"standard","meta":{"_acf_changed":false,"episode_type":"","audio_file":"","cover_image":"","cover_image_id":"","duration":"","filesize":"","date_recorded":"","explicit":"","block":"","filesize_raw":"","footnotes":""},"categories":[983],"tags":[1022,1011],"class_list":["post-14728","post","type-post","status-publish","format-standard","has-post-thumbnail","hentry","category-anime-jp","tag-animefortsetzung","tag-mangaadaption"],"acf":[],"_links":{"self":[{"href":"https:\/\/anihabara.de\/index.php\/wp-json\/wp\/v2\/posts\/14728","targetHints":{"allow":["GET"]}}],"collection":[{"href":"https:\/\/anihabara.de\/index.php\/wp-json\/wp\/v2\/posts"}],"about":[{"href":"https:\/\/anihabara.de\/index.php\/wp-json\/wp\/v2\/types\/post"}],"author":[{"embeddable":true,"href":"https:\/\/anihabara.de\/index.php\/wp-json\/wp\/v2\/users\/100"}],"replies":[{"embeddable":true,"href":"https:\/\/anihabara.de\/index.php\/wp-json\/wp\/v2\/comments?post=14728"}],"version-history":[{"count":2,"href":"https:\/\/anihabara.de\/index.php\/wp-json\/wp\/v2\/posts\/14728\/revisions"}],"predecessor-version":[{"id":21158,"href":"https:\/\/anihabara.de\/index.php\/wp-json\/wp\/v2\/posts\/14728\/revisions\/21158"}],"wp:featuredmedia":[{"embeddable":true,"href":"https:\/\/anihabara.de\/index.php\/wp-json\/wp\/v2\/media\/17266"}],"wp:attachment":[{"href":"https:\/\/anihabara.de\/index.php\/wp-json\/wp\/v2\/media?parent=14728"}],"wp:term":[{"taxonomy":"category","embeddable":true,"href":"https:\/\/anihabara.de\/index.php\/wp-json\/wp\/v2\/categories?post=14728"},{"taxonomy":"post_tag","embeddable":true,"href":"https:\/\/anihabara.de\/index.php\/wp-json\/wp\/v2\/tags?post=14728"}],"curies":[{"name":"wp","href":"https:\/\/api.w.org\/{rel}","templated":true}]}}