{"id":14344,"date":"2019-10-07T16:49:11","date_gmt":"2019-10-07T14:49:11","guid":{"rendered":"https:\/\/anihabara.de\/index.php\/2019\/10\/07\/the-irregular-at-magic-high-school-visitor-arc-zweite-staffel-in-arbeit-2\/"},"modified":"2023-10-30T00:41:17","modified_gmt":"2023-10-29T23:41:17","slug":"the-irregular-at-magic-high-school-visitor-arc-zweite-staffel-in-arbeit-2","status":"publish","type":"post","link":"https:\/\/anihabara.de\/index.php\/2019\/10\/07\/the-irregular-at-magic-high-school-visitor-arc-zweite-staffel-in-arbeit-2\/","title":{"rendered":"\u00bbThe Irregular at Magic High School: Visitor Arc\u00ab &#8211; Zweite Staffel in Arbeit"},"content":{"rendered":"<p><span style=\"font-size: 16pt;\">Vom Weed zum Bloom: Tatsuya hat herausragende magische F\u00e4higkeiten. Trotzdem z\u00e4hlt er nicht zur Elite. Ob sich daran in Staffel 2 was \u00e4ndert?<\/span><\/p>\n<p><!--more--><\/p>\n<p><img decoding=\"async\" style=\"float: right; margin-left: 2%;\" src=\"images\/stories\/visual.jpeg\" alt=\"\" width=\"25%\" \/>Im Rahmen des \u00bbDengeki Bunko Aki no Namah\u014ds\u014d Festival 2019\u00ab wurde am Sonntag enth\u00fcllt, dass eine neue Anime-Umsetzung zu \u00bbThe Irregular at Magic High School\u00ab in Arbeit sei. Die Serie tr\u00e4gt den Titel \u00bbThe Irregular at Magic High School: Visitors Arc\u00ab und fungiert als zweite Staffel. Sie soll 2020 ausgestrahlt werden und setzt die B\u00e4nde 9 bis 11 der gleichnamigen Lightnovel von Tsutomo Satou um.<\/p>\n<p>Best\u00e4tigt wurden des Weiteren Risako Yoshida (\u00bbThe Irregular at Magic High School: The Girl Who Summons the Stars\u00ab, \u00bbLostorage conflated WIXOSS\u00ab) als Regisseurin und 8-Bit als Animationsstudio. Sie ersetzen Regisseur Manabu Ono (\u00bbSword Art Online: Alicization\u00ab) und Madhouse. Kana Ishida, die Illustratorin der Lightnovel, Animatorin und Charakterdesignerin der ersten Staffel, entwirft die Charakterdesigns. Taku Iwasaki (\u00bbAkame ga KILL!\u00ab, \u00bbSoul Eater\u00ab) komponiert erneut den Soundtrack.&nbsp;<\/p>\n<p>Inspiriert von der Lightnovel feierte die 26-teilige Staffel 1 zu \u00bbThe Irregular at Magic High School\u00ab im April 2014 ihre Premiere im japanischen Fernsehen. Sie setzt die ersten 7 B\u00e4nde der Lightnovel mit Ausnahme vom 5. Band um. Im Juni 2017 folgte der Animefilm \u00bbThe Irregular at Magic Highschool: The Girl Who Summons the Stars\u00ab, f\u00fcr den Tsutomo Satou eine eigenst\u00e4ndige Geschichte schrieb. Beide brachte KSM Anime hierzulande mit deutscher Synchronisation auf Disc heraus.&nbsp;<\/p>\n<p>Tsutomu Satou ver\u00f6ffentlichte neue Kapitel seiner Geschichte zun\u00e4chst kostenfrei von 2008 bis 2011 bei der Online-Plattform \u00bbLet&#8217;s Become Novelists\u00ab, bevor Kadokawa eine gedruckte Variante ab Juli 2011 unter seinem Label \u00bbDengeki Bunko\u00ab ver\u00f6ffentlichte. Sie z\u00e4hlt derzeit 30 B\u00e4nde und 10 Kurzgeschichtenb\u00e4nde in Japan sowie diverse Manga-Umsetzungen. Manga- und Lightnovel-Franchise z\u00e4hlen zusammen eine Gesamtauflage von 15 Millionen Exemplaren \u2013 darunter 10 Millionen Exemplare der Lightnovel.<\/p>\n<p><span style=\"text-decoration: underline;\">Darum geht es: <\/span><\/p>\n<blockquote><p>Am Ende des 21. Jahrhunderts wetteifern die Staaten weltweit darin, ihre Magier perfekt auszubilden, um das Gleichgewicht der M\u00e4chte aufrechtzuerhalten. Miyuki und ihr gro\u00dfer Bruder Tatsuya werden an der ber\u00fchmten Ersten staatlichen Magie-Oberschule aufgenommen und Miyuki wird dort sofort zur Vertreterin der neuen Sch\u00fcler gew\u00e4hlt. An der Schule gibt es die Kurs 1 Sch\u00fcler, sie sogenannten Blooms, die aufgrund ihrer Pr\u00fcfungsergebnisse die Elite sind, und die Kurs 2 Sch\u00fcler, die Weeds, die als eine Art Reserve gelten, falls ein Bloom ausscheidet. Tatsuya schafft es trotz herausragender F\u00e4higkeiten nicht, in die Elite aufgenommen zu werden und muss sich fortan als Kurs 2 Sch\u00fcler behaupten. Doch pl\u00f6tzlich ger\u00e4t die Schule in das Visier der Blanche-Terroristen \u2026<\/p>\n<p><small>KSM Anime<\/small><\/p><\/blockquote>\n<p>(Quelle: ANN)<\/p>\n","protected":false},"excerpt":{"rendered":"<p>Vom Weed zum Bloom: Tatsuya hat herausragende magische F\u00e4higkeiten. Trotzdem z\u00e4hlt er nicht zur Elite. Ob sich daran in Staffel 2 was \u00e4ndert?<\/p>\n","protected":false},"author":100,"featured_media":18038,"comment_status":"open","ping_status":"open","sticky":false,"template":"","format":"standard","meta":{"_acf_changed":false,"episode_type":"","audio_file":"","cover_image":"","cover_image_id":"","duration":"","filesize":"","date_recorded":"","explicit":"","block":"","filesize_raw":"","footnotes":""},"categories":[983],"tags":[1022,1026,1012],"class_list":["post-14344","post","type-post","status-publish","format-standard","has-post-thumbnail","hentry","category-anime-jp","tag-animefortsetzung","tag-lightnoveladaption","tag-neuer-anime"],"acf":[],"_links":{"self":[{"href":"https:\/\/anihabara.de\/index.php\/wp-json\/wp\/v2\/posts\/14344","targetHints":{"allow":["GET"]}}],"collection":[{"href":"https:\/\/anihabara.de\/index.php\/wp-json\/wp\/v2\/posts"}],"about":[{"href":"https:\/\/anihabara.de\/index.php\/wp-json\/wp\/v2\/types\/post"}],"author":[{"embeddable":true,"href":"https:\/\/anihabara.de\/index.php\/wp-json\/wp\/v2\/users\/100"}],"replies":[{"embeddable":true,"href":"https:\/\/anihabara.de\/index.php\/wp-json\/wp\/v2\/comments?post=14344"}],"version-history":[{"count":1,"href":"https:\/\/anihabara.de\/index.php\/wp-json\/wp\/v2\/posts\/14344\/revisions"}],"predecessor-version":[{"id":18077,"href":"https:\/\/anihabara.de\/index.php\/wp-json\/wp\/v2\/posts\/14344\/revisions\/18077"}],"wp:featuredmedia":[{"embeddable":true,"href":"https:\/\/anihabara.de\/index.php\/wp-json\/wp\/v2\/media\/18038"}],"wp:attachment":[{"href":"https:\/\/anihabara.de\/index.php\/wp-json\/wp\/v2\/media?parent=14344"}],"wp:term":[{"taxonomy":"category","embeddable":true,"href":"https:\/\/anihabara.de\/index.php\/wp-json\/wp\/v2\/categories?post=14344"},{"taxonomy":"post_tag","embeddable":true,"href":"https:\/\/anihabara.de\/index.php\/wp-json\/wp\/v2\/tags?post=14344"}],"curies":[{"name":"wp","href":"https:\/\/api.w.org\/{rel}","templated":true}]}}