{"id":14181,"date":"2018-12-23T12:22:51","date_gmt":"2018-12-23T11:22:51","guid":{"rendered":"https:\/\/anihabara.de\/index.php\/2018\/12\/23\/my-hero-academia-erstes-visual-gibt-starttermin-bekannt-2\/"},"modified":"2023-12-02T21:52:48","modified_gmt":"2023-12-02T20:52:48","slug":"my-hero-academia-erstes-visual-gibt-starttermin-bekannt-2","status":"publish","type":"post","link":"https:\/\/anihabara.de\/index.php\/2018\/12\/23\/my-hero-academia-erstes-visual-gibt-starttermin-bekannt-2\/","title":{"rendered":"\u00bbMy Hero Academia 4\u00ab &#8211; Erstes Visual enth\u00fcllt Starttermin"},"content":{"rendered":"<p><span style=\"font-size: 16pt;\">Ein erstes Visual bringt neue Informationen zur vierten Staffel:&nbsp;<span style=\"font-size: 21.3333px;\">Midoriya und die Klasse 1-A der Yuei-Heldenschulen kehren 2019 zur\u00fcck.<\/span><\/span><\/p>\n<p><!--more--><\/p>\n<p><img decoding=\"async\" style=\"float: right; margin-left: 2%;\" src=\"https:\/\/anihabara.de\/wp-content\/uploads\/2023\/12\/MyHeroAcademia4.png\" alt=\"My Hero Academia 4\" width=\"25%\" \/><\/p>\n<p>In Form eines Visuals wurde am Mittwoch auf der offiziellen Webseite zu \u00bbMy Hero Academia\u00ab bekannt gegeben, dass die vierte Staffel zur Serie ab Oktober 2019 ausgestrahlt wird. Das Visual zeigt neben dem Starttermin Protagonist Midoriya an der Seite von Mero, einen der bereits am Ende der dritten Staffel vorgestellten Big Three, welchem sich der Internshipping-Ark widmet. Es folgte im Rahmen des \u00bbJump Festa &#8217;19\u00ab am Samstag ein erstes <a href=\"https:\/\/www.youtube.com\/watch?v=-H7AuZ3kARc\" target=\"_blank\" rel=\"noopener\">Promovideo<\/a>. Zuvor endete die dritte Staffel zu \u00bbMy Hero Academia\u00ab im Sommer 2018 mit der Ank\u00fcndigung einer vierten Staffel, jedoch ohne Starttermin \u2013 <a href=\"https:\/\/anihabara.de\/index.php\/2018\/10\/05\/my-hero-academia-25-folge-bestaetigt-vierte-staffel\/\">wir berichteten<\/a>.<\/p>\n<p>\u00bbMy Hero Academia\u00ab wurde erstmals \u00fcber 13 Folgen im April 2016 in Japan ausgestrahlt. Es folgten Staffel 2 im April 2017 sowie Staffel 3 im April 2018. Beide z\u00e4hlen 25 Folgen und liefen wie schon Staffel 1 mit deutschen Untertiteln im Simulcast bei Anime on Demand. Animiert wurde Staffel 3 erneut unter der Regie von Kenji Nagasaki (\u00bbNo. 6\u00ab) bei Studio Bones. Yousuke Kuroda (\u00bbJormungand\u00ab) schrieb das Drehbuch, w\u00e4hrend Yoshihiko Umakoshi (\u00bbMushishi\u00ab) mit Assistenz von Hitomi Odashima (Assistenz-Charakterdesigner: \u00bbBlue Exorcist\u00ab) die Charakterdesigns entwarf. Yuki Hayashi (\u00bbDeath Parade\u00ab) komponierte den Soundtrack.<\/p>\n<p>K\u014dhei Horikoshi startete den Superhelden-Manga im Juli 2014 im \u00bbWeekly Sh\u014dnen Jump\u00ab bei Shueisha. Er z\u00e4hlt derzeit 21 B\u00e4nde in Japan, von denen die ersten 15 B\u00e4nde bei Carlsen Manga in deutscher Sprache erschienen. Zusammen mit seinem Spinoff \u00bbVigilante: My Hero Academia Illegals\u00ab geschrieben von&nbsp;Hideyuki Furuhashi (\u00bbK: Missing Kings\u00ab) sowie gezeichnet von Court Betten, welches seit September 2016 im \u00bbSh\u014dnen Jump GIGA\u00ab und seit Juni 2018 auf Deutsch bei Carlsen Manga erscheint, z\u00e4hlt \u00bbMy Hero Academia\u00ab eine Gesamtauflage von mehr als 17 Millionen Exemplaren.<\/p>\n<p><span style=\"text-decoration: underline;\">Darum geht es:<\/span><\/p>\n<blockquote><p>Der junge Izuku Midoriya hat nur einen Traum: Er m\u00f6chte eines Tages ein Superheld werden \u2013 genau wie sein gro\u00dfes Idol All Might! Diese Seifenblase zerplatzt, als er feststellt, dass er einer der wenigen Menschen ist, die keine angeborene Spezialit\u00e4t \u2013 also eine besondere F\u00e4higkeit \u2013 besitzen. Aber auch als Normalo will Izuku nicht aufgeben und bewirbt sich trotz der L\u00e4stereien seiner Mitsch\u00fcler f\u00fcr die Aufnahmepr\u00fcfung an der Yuei-Akademie f\u00fcr Superhelden. Eigentlich ist sein Vorhaben zum Scheitern verurteilt, doch dann l\u00e4uft er eines Tages zuf\u00e4llig All Might \u00fcber den Weg. Ger\u00fchrt von Izukus unb\u00e4ndigem Willen, l\u00e4sst sich der gr\u00f6\u00dfte Held aller Zeiten schlie\u00dflich darauf ein, den naiven Wuschelkopf unter seine Fittiche zu nehmen. Wird das allein aber ausreichen, um gegen die starke Konkurrenz an Heldenanw\u00e4rtern zu bestehen?<\/p>\n<p><small>Kaz\u00e9 Online<\/small><\/p><\/blockquote>\n<p>(Quelle: ANN)<\/p>\n","protected":false},"excerpt":{"rendered":"<p>Ein erstes Visual bringt neue Informationen zur vierten Staffel:&nbsp;Midoriya und die Klasse 1-A der Yuei-Heldenschulen kehren 2019 zur\u00fcck.<\/p>\n","protected":false},"author":114,"featured_media":18327,"comment_status":"open","ping_status":"open","sticky":false,"template":"","format":"standard","meta":{"_acf_changed":false,"episode_type":"","audio_file":"","cover_image":"","cover_image_id":"","duration":"","filesize":"","date_recorded":"","explicit":"","block":"","filesize_raw":"","footnotes":""},"categories":[983],"tags":[],"class_list":["post-14181","post","type-post","status-publish","format-standard","has-post-thumbnail","hentry","category-anime-jp"],"acf":[],"_links":{"self":[{"href":"https:\/\/anihabara.de\/index.php\/wp-json\/wp\/v2\/posts\/14181","targetHints":{"allow":["GET"]}}],"collection":[{"href":"https:\/\/anihabara.de\/index.php\/wp-json\/wp\/v2\/posts"}],"about":[{"href":"https:\/\/anihabara.de\/index.php\/wp-json\/wp\/v2\/types\/post"}],"author":[{"embeddable":true,"href":"https:\/\/anihabara.de\/index.php\/wp-json\/wp\/v2\/users\/114"}],"replies":[{"embeddable":true,"href":"https:\/\/anihabara.de\/index.php\/wp-json\/wp\/v2\/comments?post=14181"}],"version-history":[{"count":3,"href":"https:\/\/anihabara.de\/index.php\/wp-json\/wp\/v2\/posts\/14181\/revisions"}],"predecessor-version":[{"id":21867,"href":"https:\/\/anihabara.de\/index.php\/wp-json\/wp\/v2\/posts\/14181\/revisions\/21867"}],"wp:featuredmedia":[{"embeddable":true,"href":"https:\/\/anihabara.de\/index.php\/wp-json\/wp\/v2\/media\/18327"}],"wp:attachment":[{"href":"https:\/\/anihabara.de\/index.php\/wp-json\/wp\/v2\/media?parent=14181"}],"wp:term":[{"taxonomy":"category","embeddable":true,"href":"https:\/\/anihabara.de\/index.php\/wp-json\/wp\/v2\/categories?post=14181"},{"taxonomy":"post_tag","embeddable":true,"href":"https:\/\/anihabara.de\/index.php\/wp-json\/wp\/v2\/tags?post=14181"}],"curies":[{"name":"wp","href":"https:\/\/api.w.org\/{rel}","templated":true}]}}