{"id":14039,"date":"2018-05-16T15:14:14","date_gmt":"2018-05-16T13:14:14","guid":{"rendered":"https:\/\/anihabara.de\/index.php\/2018\/05\/16\/violet-evergarden-universum-anime-bestaetigt-lizenz-am-anime-2\/"},"modified":"2023-12-16T01:43:05","modified_gmt":"2023-12-16T00:43:05","slug":"violet-evergarden-universum-anime-bestaetigt-lizenz-am-anime-2","status":"publish","type":"post","link":"https:\/\/anihabara.de\/index.php\/2018\/05\/16\/violet-evergarden-universum-anime-bestaetigt-lizenz-am-anime-2\/","title":{"rendered":"\u00bbViolet Evergarden\u00ab &#8211; Universum Anime best\u00e4tigt Lizenz am Anime"},"content":{"rendered":"<p><span style=\"font-size: 16pt;\">\u201eIch liebe dich\u201c \u2013 Worte, die die vom Krieg geschundene Violet, nicht versteht. Das emotionale Drama erscheint nun bei Universum Anime.<\/span><\/p>\n<p><!--more--><\/p>\n<p><img decoding=\"async\" style=\"float: right; margin-left: 2%;\" src=\"https:\/\/anihabara.de\/wp-content\/uploads\/2023\/12\/violet_evergarden_cover.jpg\" alt=\"Violet Evergarden - Cover\" width=\"40%\" \/>Vor Kurzem kam durch einen Eintrag bei Amazon ans Licht, dass sich Universum Anime die Lizenz an \u00bbViolet Evergarden\u00ab gesichert hat. Demnach beabsichtigt der Publisher, die erste Volume bereits am 10. August diesen Jahres als Limited Special Edition auf DVD und Blu-ray zu ver\u00f6ffentlichen. Gegen\u00fcber Anime2You best\u00e4tigte der Publisher am Montag des Weiteren, dass der ersten Volume drei Folgen inklusive 50-min\u00fctigem Bonusmaterial bei einer unverbindlichen Preisempfehlung von 29,99 Euro f\u00fcr DVD und 34,99 Euro f\u00fcr Blu-ray beiligen werden. \u00dcber physische Extras verhandle man derzeit noch.<\/p>\n<p>Violet Evergarden entstand unter der Regie von Taichi Ishidate (\u00bbBeyond the Boundary\u00ab) bei Kyoto Animation und feierte im Januar 2018 in Japan seine Premiere. Parallel zur Ausstrahlung zeigte Netflix die Serie bei uns sowohl mit deutschen Untertiteln im Originalton als auch mit deutscher Synchronisation. Reiko Yoshida (\u00bbK-On!\u00ab) setzte ferner das Drehbuch f\u00fcr die Animation um, w\u00e4hrend Akiko Takase (als Illustrator der Lightnovel) die Charaktere zeichnete. Evan Call (\u00bbSchwarzesmarken\u00ab) komponierte den Soundtrack. Verantwortlich f\u00fcr die deutsche Umsetzung zeichnet das M\u00fcnchener Synchronstudio SDI Media Germany (\u00bbDevilman Crybaby\u00ab) unter der Dialogregie von Farina Brock und Sabine Bohlmann.<\/p>\n<p>Als Vorlage fungierte die gleichnamige Fantasy-Lightnovel von Kana Akatsuki, welche ab Dezember 2015 im hauseigenen Verlag KA Esuma Bunko mit Illustrationen von Akiko Takase erschien und seine Geschichte in zwei B\u00e4nden abschlie\u00dft. Im Jahr zuvor gewann \u00bbViolet Evergarden\u00ab in der Lightnovel-Kategorie des f\u00fcnften \u00bbKyoto Animation Awards\u00ab den Hauptpreis.<\/p>\n<p><span style=\"text-decoration: underline;\">Darum geht es:<\/span><\/p>\n<blockquote><p>Der Krieg ist vor\u00fcber und Violet Evergarden braucht einen Job. Geschunden und gef\u00fchlslos nimmt sie einen Job als Briefschreiberin an, um sich selbst verstehen zu lernen.<\/p>\n<p><small>Netflix<\/small><\/p><\/blockquote>\n<p>(Quelle: Amazon \/ Anime2You)<\/p>\n","protected":false},"excerpt":{"rendered":"<p>\u201eIch liebe dich\u201c \u2013 Worte, die die vom Krieg geschundene Violet, nicht versteht. Das emotionale Drama erscheint nun bei Universum Anime.<\/p>\n","protected":false},"author":100,"featured_media":18590,"comment_status":"open","ping_status":"open","sticky":false,"template":"","format":"standard","meta":{"_acf_changed":false,"episode_type":"","audio_file":"","cover_image":"","cover_image_id":"","duration":"","filesize":"","date_recorded":"","explicit":"","block":"","filesize_raw":"","footnotes":""},"categories":[987],"tags":[1017],"class_list":["post-14039","post","type-post","status-publish","format-standard","has-post-thumbnail","hentry","category-anime-de","tag-dvd-und-bluray"],"acf":[],"_links":{"self":[{"href":"https:\/\/anihabara.de\/index.php\/wp-json\/wp\/v2\/posts\/14039","targetHints":{"allow":["GET"]}}],"collection":[{"href":"https:\/\/anihabara.de\/index.php\/wp-json\/wp\/v2\/posts"}],"about":[{"href":"https:\/\/anihabara.de\/index.php\/wp-json\/wp\/v2\/types\/post"}],"author":[{"embeddable":true,"href":"https:\/\/anihabara.de\/index.php\/wp-json\/wp\/v2\/users\/100"}],"replies":[{"embeddable":true,"href":"https:\/\/anihabara.de\/index.php\/wp-json\/wp\/v2\/comments?post=14039"}],"version-history":[{"count":2,"href":"https:\/\/anihabara.de\/index.php\/wp-json\/wp\/v2\/posts\/14039\/revisions"}],"predecessor-version":[{"id":23501,"href":"https:\/\/anihabara.de\/index.php\/wp-json\/wp\/v2\/posts\/14039\/revisions\/23501"}],"wp:featuredmedia":[{"embeddable":true,"href":"https:\/\/anihabara.de\/index.php\/wp-json\/wp\/v2\/media\/18590"}],"wp:attachment":[{"href":"https:\/\/anihabara.de\/index.php\/wp-json\/wp\/v2\/media?parent=14039"}],"wp:term":[{"taxonomy":"category","embeddable":true,"href":"https:\/\/anihabara.de\/index.php\/wp-json\/wp\/v2\/categories?post=14039"},{"taxonomy":"post_tag","embeddable":true,"href":"https:\/\/anihabara.de\/index.php\/wp-json\/wp\/v2\/tags?post=14039"}],"curies":[{"name":"wp","href":"https:\/\/api.w.org\/{rel}","templated":true}]}}