{"id":13707,"date":"2021-08-11T19:13:30","date_gmt":"2021-08-11T17:13:30","guid":{"rendered":"https:\/\/anihabara.de\/index.php\/2021\/08\/11\/orient-erste-details-zum-adventure-anime-der-magi-mangaka\/"},"modified":"2023-11-27T03:08:12","modified_gmt":"2023-11-27T02:08:12","slug":"orient-erste-details-zum-adventure-anime-der-magi-mangaka","status":"publish","type":"post","link":"https:\/\/anihabara.de\/index.php\/2021\/08\/11\/orient-erste-details-zum-adventure-anime-der-magi-mangaka\/","title":{"rendered":"\u00bbOrient\u00ab &#8211; Erste Details zum Adventure-Anime der \u00bbMagi\u00ab-Mangaka"},"content":{"rendered":"<p><span style=\"font-size: 16pt;\">Widerstand gegen die Unterdr\u00fccker: \u00bbOrient\u00ab erz\u00e4hlt die Geschichte eines Landes, das sich gegen die D\u00e4monen aufleht.<\/span><\/p>\n<p><!--more--><\/p>\n<p><img decoding=\"async\" src=\"https:\/\/anihabara.de\/wp-content\/uploads\/2023\/11\/kv_sp.jpg\" alt=\"Orient - Key Visual\" width=\"25%\" style=\"float: right; margin-left: 2%;\" \/>Die offizielle Webseite zur Anime-Umsetzung basierend auf Shinobu Ohtakas Sh\u014dnen-Manga \u00bbOrient\u00ab ver\u00f6ffentlichte am Freitag erste Details zum Produktionsteam und zu den Synchronsprechern der Serie. Ein neues Teaser-Visual wurde ebenfalls ver\u00f6ffentlicht. \u00bbOrient\u00ab soll 2022 im japanischen Fernsehen an den Start gehen. Hierzulande wird ihn Crunchyroll im Simulcast mit deutschen Untertiteln zeigen.<\/p>\n<h4>Die neuen Infos wurden zeitgleich auf der Virtual Crunchyroll Expo bekannt gegeben<\/h4>\n<p>Tetsuya Yanagisawa (\u00bbHighschool DxD\u00ab) f\u00fchrt f\u00fcr den Adventure-Anime bei Studio ACGT (\u00bbKino\u2019s Journey\u00ab, \u00bbFreezing\u00ab) die Regie. Mariko Kunisawa (\u00bbAscendance of a Bookworm\u00ab) schreibt das Drehbuch, w\u00e4hrend Takahiro Kishida (\u00bbSerial Experiments Lain\u00ab, \u00bbBaccano!\u00ab, \u00bbHaikyu!!\u00ab) die Charakterdesigns f\u00fcr die Serie entwirft. Hideyuki Fukasawa (\u00bbFate\/stay night: Unlimited Blade Works\u00ab, \u00bbKatsugeki: Touken Ranbu\u00ab) komponiert den Soundtrack.<\/p>\n<p>Shinobu Ohtaka begann im Mai 2018 den Adventure-Manga im \u00bbWeekly Sh\u014dnen Magazine\u00ab von Kodansha zu ver\u00f6ffentlichen. Seit Februar 2021 erscheint \u00bbOrient\u00ab im monatlich erscheinenden \u00bbBessatsu Sh\u014dnen Magazine\u00ab desselben Verlags. In Japan z\u00e4hlt die Reihe aktuell 13 B\u00e4nde. Hierzulande brachte Kaz\u00e9 Manga seit Mai 2020 bereits die ersten acht B\u00e4nde auf Deutsch heraus.<\/p>\n<p>Zuvor zeichnete Ohtaka von Juni 2009 bis Oktober 2017 an dem 37-b\u00e4ndigen Manga \u00bbMagi\u00ab f\u00fcr das \u00bbWeekly Sh\u014dnen Sunday\u00ab-Magazin von Shogakukan. Kaz\u00e9 Manga sicherte sich auch hier die Rechte und ver\u00f6ffentlichte ihn hierzulande von Oktober 2013 bis Januar 2019. Die Reihe erhielt zwei 25-teiligen Anime-Staffeln \u2013 \u00bbMagi: The Labyrinth of Magic\u00ab in 2012 sowie \u00bbMagi: The Kingdom of Magic\u00ab in 2013. Der 19-b\u00e4ndige Spin-off-Manga \u00bbMagi: Adventure of Sinbad\u00ab von&nbsp;Yoshifumi \u014ctera (2013\u20132018) erhielt ebenfalls 2014 eine f\u00fcnfteilige OVA-Reihe sowie 2016 eine 13-teilige Serie.<\/p>\n<p><strong>Das sind die Synchronsprecher:<\/strong><\/p>\n<ul>\n<li><a href=\"https:\/\/myanimelist.net\/people\/33995\/\" target=\"_blank\" rel=\"noopener\">Y\u016bma Uchida<\/a> (Ash Lynx aus \u00bbBanana Fish\u00ab) spricht Musashi (links im Visual)<\/li>\n<li><a href=\"https:\/\/myanimelist.net\/people\/18227\/\" target=\"_blank\" rel=\"noopener\">S\u014dma Sait\u014d<\/a> (Glenn Radars aus \u00bbAkashic Records of Bastard Magic Instructor\u00ab) spricht Kojir\u014d Kanemaki (rechts)<\/li>\n<\/ul>\n<p><strong>Darum geht es:<\/strong><\/p>\n<blockquote><p>Hi no moto: Das Land der aufgehenden Sonne. Einst war es ein strahlendes Reich der Menschheit, doch dann kamen die D\u00e4monen. Sie t\u00f6teten die Krieger, versklavten die, die noch \u00fcbrig waren, und lie\u00dfen sich fortan als G\u00f6tter verehren. Doch noch ist die Erinnerung nicht tot! Noch glimmt die Glut des Widerstands unerkannt in den Herzen der Auserw\u00e4hlten. Musashi ist einer von ihnen \u2013 und dies ist seine Geschichte \u2026<\/p>\n<p><small>Kaz\u00e9 Manga<\/small><\/p><\/blockquote>\n<p>(Quelle: ANN)<\/p>\n","protected":false},"excerpt":{"rendered":"<p>Widerstand gegen die Unterdr\u00fccker: \u00bbOrient\u00ab erz\u00e4hlt die Geschichte eines Landes, das sich gegen die D\u00e4monen aufleht.<\/p>\n","protected":false},"author":100,"featured_media":17306,"comment_status":"open","ping_status":"open","sticky":false,"template":"","format":"standard","meta":{"_acf_changed":false,"episode_type":"","audio_file":"","cover_image":"","cover_image_id":"","duration":"","filesize":"","date_recorded":"","explicit":"","block":"","filesize_raw":"","footnotes":""},"categories":[983],"tags":[1011,1012,1015],"class_list":["post-13707","post","type-post","status-publish","format-standard","has-post-thumbnail","hentry","category-anime-jp","tag-mangaadaption","tag-neuer-anime","tag-streaming"],"acf":[],"_links":{"self":[{"href":"https:\/\/anihabara.de\/index.php\/wp-json\/wp\/v2\/posts\/13707","targetHints":{"allow":["GET"]}}],"collection":[{"href":"https:\/\/anihabara.de\/index.php\/wp-json\/wp\/v2\/posts"}],"about":[{"href":"https:\/\/anihabara.de\/index.php\/wp-json\/wp\/v2\/types\/post"}],"author":[{"embeddable":true,"href":"https:\/\/anihabara.de\/index.php\/wp-json\/wp\/v2\/users\/100"}],"replies":[{"embeddable":true,"href":"https:\/\/anihabara.de\/index.php\/wp-json\/wp\/v2\/comments?post=13707"}],"version-history":[{"count":2,"href":"https:\/\/anihabara.de\/index.php\/wp-json\/wp\/v2\/posts\/13707\/revisions"}],"predecessor-version":[{"id":21241,"href":"https:\/\/anihabara.de\/index.php\/wp-json\/wp\/v2\/posts\/13707\/revisions\/21241"}],"wp:featuredmedia":[{"embeddable":true,"href":"https:\/\/anihabara.de\/index.php\/wp-json\/wp\/v2\/media\/17306"}],"wp:attachment":[{"href":"https:\/\/anihabara.de\/index.php\/wp-json\/wp\/v2\/media?parent=13707"}],"wp:term":[{"taxonomy":"category","embeddable":true,"href":"https:\/\/anihabara.de\/index.php\/wp-json\/wp\/v2\/categories?post=13707"},{"taxonomy":"post_tag","embeddable":true,"href":"https:\/\/anihabara.de\/index.php\/wp-json\/wp\/v2\/tags?post=13707"}],"curies":[{"name":"wp","href":"https:\/\/api.w.org\/{rel}","templated":true}]}}