{"id":13579,"date":"2020-12-04T01:16:32","date_gmt":"2020-12-04T00:16:32","guid":{"rendered":"https:\/\/anihabara.de\/index.php\/2020\/12\/04\/my-hero-academia-animationsteam-der-serie-arbeitet-an-drittem-animefilm\/"},"modified":"2023-11-28T01:37:29","modified_gmt":"2023-11-28T00:37:29","slug":"my-hero-academia-animationsteam-der-serie-arbeitet-an-drittem-animefilm","status":"publish","type":"post","link":"https:\/\/anihabara.de\/index.php\/2020\/12\/04\/my-hero-academia-animationsteam-der-serie-arbeitet-an-drittem-animefilm\/","title":{"rendered":"\u00bbMy Hero Academia\u00ab &#8211; Animationsteam der Serie arbeitet an drittem Animefilm"},"content":{"rendered":"<p><span style=\"font-size: 16pt;\">Izuku, Bakugo, Shoto: Die drei Musketiere? Nicht die erste Anspielung auf Alexandre Dumas\u2019 \u00bbDie drei Musketiere\u00ab in \u00bbMy Hero Academia\u00ab \u2026<\/span><\/p>\n<p><!--more--><\/p>\n<p><img decoding=\"async\" src=\"https:\/\/anihabara.de\/wp-content\/uploads\/2023\/11\/enelyo2voaewvm1.jpg\" alt=\"Ank\u00fcndigungsbild\" width=\"50%\" style=\"float: right; margin-left: 2%;\" \/>In der diesj\u00e4hrigen 52. Ausgabe des \u00bbWeekly Shonen Jump\u00ab-Magazins enth\u00fcllte Shueisha am Montag, dass sich ein dritter Animefilm zum \u00bbMy Hero Academia\u00ab-Franchise in Arbeit befindet. Dieser kommt im Sommer 2021 in die japanischen Kinos und wird wie schon die Filme davor vom Animationsteam der TV-Serie produziert. Mangaka K\u014dhei Horikoshi steht der Produktion als Autor der Vorlage dabei erneut als Chief Supervisor und Charakterdesigner zur Seite.&nbsp;<\/p>\n<p>Kenji Nagasaki (\u00bbMy Hero Academia 1\u20133\u00ab, Chief Director: \u00bbMy Hero Academia 4\u20135\u00ab) f\u00fchrt entsprechend bei Studio Bones (\u00bbFullmetal Alchemist Brotherhood\u00ab) die Regie. Yousuke Kuroda (\u00bbHighschool of the Dead\u00ab) schreibt das Drehbuch, w\u00e4hrend Yoshihiko Umakoshi (\u00bbBerserk\u00ab, \u00bbMushishi\u00ab) Horikoshis Charakterdesigns f\u00fcr die Animation umsetzt. Yuki Haayashi (\u00bbHaikyu!!\u00ab) komponiert den Soundtrack.<\/p>\n<p>Zuvor feierte \u00bbMy Hero Academia: Two Heroes\u00ab im Juli 2018 Premiere. Der zweite Animefilm, \u00bbMy Hero Academia: Heroes Rising\u00ab, kam im Dezember 2019 in die japanischen Kinos. Kaz\u00e9 plant, ihn am 5. Januar im Originalton mit Untertiteln sowie am 10. Januar in deutscher Synchronfassung hierzulande auf der Leinwand zu zeigen \u2013 <a href=\"https:\/\/anihabara.de\/index.php\/2020\/11\/16\/kaze-anime-nights-diese-filme-laufen-im-1-halbjahr-2021\/\">wir berichteten<\/a>. Mit dem gestrigen Beschluss von Bund und L\u00e4ndern, die derzeitigen Corona-Ma\u00dfnahmen bis zum 10. Januar verl\u00e4ngern zu wollen, scheint ein regul\u00e4rer Kinostart mehr als unwahrscheinlich.&nbsp;Im Juli 2019 hie\u00df es noch seitens Horikoshi, \u00bbMy Hero Academia: Heroes Rising\u00ab sei vermutlich der letzte Animefilm des Franchise, da dieser Konzepte nutze, die er sich f\u00fcr das Finale des Manga \u00fcberlegt hatte.<\/p>\n<p>Die bisherigen vier Staffeln der TV-Serie z\u00e4hlen insgesamt 88 Episoden. Anime on Demand zeigte sie in Deutschland im Simulcast. Die 13-teilige 1. Staffel feierte dabei im April 2016 Premiere, gefolgt von der 25-teiligen 2. Staffel im April 2017, der 25-teiligen 3. Staffel im April 2018 sowie der 25-teiligen 4. Staffel im Oktober 2019. Im April 2021 geht die 5. Staffel an den Start \u2013 <a href=\"https:\/\/anihabara.de\/index.php\/2020\/04\/10\/my-hero-academia-fuenfte-staffel-angekuendigt\/\">wir berichteten<\/a>. Zus\u00e4tzlich erschienen die ersten beiden Staffeln bereits vollst\u00e4ndig bei Kaz\u00e9 auf DVD und Blu-ray mit deutscher Synchronisation. Die Ver\u00f6ffentlichung der 3. Staffel ist aktuell im Gange.<\/p>\n<p>K\u014dhei Horikoshi startete den Superhelden-Manga im Juli 2014 im \u00bbWeekly Sh\u014dnen Jump\u00ab bei Shueisha. Er z\u00e4hlt derzeit 28 B\u00e4nde in Japan, davon erschienen die ersten 25 B\u00e4nde bei Carlsen Manga in deutscher Sprache.<\/p>\n<p><span style=\"text-decoration: underline;\">Darum geht in \u00bbMy Hero Academia\u00ab: <\/span><\/p>\n<blockquote><p>Der junge Izuku Midoriya hat nur einen Traum: Er m\u00f6chte eines Tages ein Superheld werden \u2013 genau wie sein gro\u00dfes Idol All Might. Diese Seifenblase zerplatzt, als er feststellt, dass er einer der wenigen Menschen ist, die keine angeborene Spezialit\u00e4t \u2013 also eine besondere F\u00e4higkeit \u2013 besitzen. Aber auch als Normalo will Izuku nicht aufgeben und bewirbt sich trotz der L\u00e4stereien seiner Mitsch\u00fcler f\u00fcr die Aufnahmepr\u00fcfung an der Yuei-Akademie f\u00fcr Superhelden. Eigentlich ist sein Vorhaben zum Scheitern verurteilt, doch dann l\u00e4uft er eines Tages zuf\u00e4llig All Might \u00fcber den Weg. Ger\u00fchrt von Izukus unb\u00e4ndigem Willen, l\u00e4sst sich der gr\u00f6\u00dfte Held aller Zeiten schlie\u00dflich darauf ein, den naiven Wuschelkopf unter seine Fittiche zu nehmen. Wird das allein aber ausreichen, um gegen die starke Konkurrenz an Heldenanw\u00e4rtern zu bestehen?<\/p>\n<p><small>Kaz\u00e9 Anime<\/small><\/p><\/blockquote>\n<p>(Quelle: ANN)<\/p>\n","protected":false},"excerpt":{"rendered":"<p>Izuku, Bakugo, Shoto: Die drei Musketiere? Nicht die erste Anspielung auf Alexandre Dumas\u2019 \u00bbDie drei Musketiere\u00ab in \u00bbMy Hero Academia\u00ab \u2026<\/p>\n","protected":false},"author":100,"featured_media":17529,"comment_status":"open","ping_status":"open","sticky":false,"template":"","format":"standard","meta":{"_acf_changed":false,"episode_type":"","audio_file":"","cover_image":"","cover_image_id":"","duration":"","filesize":"","date_recorded":"","explicit":"","block":"","filesize_raw":"","footnotes":""},"categories":[983],"tags":[1011,1016],"class_list":["post-13579","post","type-post","status-publish","format-standard","has-post-thumbnail","hentry","category-anime-jp","tag-mangaadaption","tag-neuer-animefilm"],"acf":[],"_links":{"self":[{"href":"https:\/\/anihabara.de\/index.php\/wp-json\/wp\/v2\/posts\/13579","targetHints":{"allow":["GET"]}}],"collection":[{"href":"https:\/\/anihabara.de\/index.php\/wp-json\/wp\/v2\/posts"}],"about":[{"href":"https:\/\/anihabara.de\/index.php\/wp-json\/wp\/v2\/types\/post"}],"author":[{"embeddable":true,"href":"https:\/\/anihabara.de\/index.php\/wp-json\/wp\/v2\/users\/100"}],"replies":[{"embeddable":true,"href":"https:\/\/anihabara.de\/index.php\/wp-json\/wp\/v2\/comments?post=13579"}],"version-history":[{"count":3,"href":"https:\/\/anihabara.de\/index.php\/wp-json\/wp\/v2\/posts\/13579\/revisions"}],"predecessor-version":[{"id":21444,"href":"https:\/\/anihabara.de\/index.php\/wp-json\/wp\/v2\/posts\/13579\/revisions\/21444"}],"wp:featuredmedia":[{"embeddable":true,"href":"https:\/\/anihabara.de\/index.php\/wp-json\/wp\/v2\/media\/17529"}],"wp:attachment":[{"href":"https:\/\/anihabara.de\/index.php\/wp-json\/wp\/v2\/media?parent=13579"}],"wp:term":[{"taxonomy":"category","embeddable":true,"href":"https:\/\/anihabara.de\/index.php\/wp-json\/wp\/v2\/categories?post=13579"},{"taxonomy":"post_tag","embeddable":true,"href":"https:\/\/anihabara.de\/index.php\/wp-json\/wp\/v2\/tags?post=13579"}],"curies":[{"name":"wp","href":"https:\/\/api.w.org\/{rel}","templated":true}]}}