{"id":13446,"date":"2020-04-01T15:08:17","date_gmt":"2020-04-01T13:08:17","guid":{"rendered":"https:\/\/anihabara.de\/index.php\/2020\/04\/01\/laid-back-camp-zweite-staffel-kommt-anfang-2021\/"},"modified":"2023-12-01T00:17:41","modified_gmt":"2023-11-30T23:17:41","slug":"laid-back-camp-zweite-staffel-kommt-anfang-2021","status":"publish","type":"post","link":"https:\/\/anihabara.de\/index.php\/2020\/04\/01\/laid-back-camp-zweite-staffel-kommt-anfang-2021\/","title":{"rendered":"\u00bbLaid-Back Camp\u00ab &#8211; Zweite Staffel kommt Anfang 2021"},"content":{"rendered":"<p><span style=\"font-size: 16pt;\">Social Distancing der anderen Art: Rin und ihre Freundinnen schlagen 2021 ihr Zelt wieder weit weg von der menschlichen Zivilisation auf.<\/span><\/p>\n<p><!--more--><\/p>\n<p><img decoding=\"async\" style=\"float: right; margin-left: 2%;\" src=\"https:\/\/anihabara.de\/wp-content\/uploads\/2023\/12\/camp1.jpeg\" width=\"25%\" alt=\"Laid-Back Camp 2 - Visual 1\" \/>Am Montag, 23. Januar, gab die Webseite zur zweiten Staffel des Anime \u00bbLaid-Back Camp\u00ab bekannt, dass die beliebten Slice-of-Life-Serie ab Januar 2021 im japanischen Fernsehen fortgesetzt wird. Daneben wurden zwei erste Teaser-Visuals sowie Details zum Produktionsteam ver\u00f6ffentlicht. Die zw\u00f6lfteilige Staffel 1 lief in der Winterseason 2018 und wurde in Deutschland von Crunchyroll im Simulcast gezeigt. Der Anime basiert auf dem Manga des Zeichners Afro.<\/p>\n<p>Das Team bei Studio C-Station (\u00bbStarmyu\u00ab, \u00bbHaky\u016b Hoshin Engi\u00ab), das an der ersten Staffel gearbeitet hat, wird auch die zweite Staffeln animieren. Somit wird Yoshiaki Kyougoku (Unit-Director: \u00bbTokyo Ghoul\u00ab) die Regie \u00fcbernehmen. Jin Tanaka (\u00bbYesterday wo Utatte\u00ab, \u00bbAnne-Happy\u00ab) wird das Drehbuch schreiben, w\u00e4hrend Mutsumi Sasaki (\u00bbChaos;Head\u00ab, \u00bbPhantom: Requiem for the Phantom\u00ab) die Charakterdesigns f\u00fcr die Animation entwirft. Akiyuki Tateyama (\u00bbKemono Friends\u00ab) komponiert wieder die Musik.<\/p>\n<p><img decoding=\"async\" style=\"float: right; margin-left: 2%;\" src=\"https:\/\/anihabara.de\/wp-content\/uploads\/2023\/12\/camp2.jpeg\" width=\"25%\" alt=\"Laid-Back Camp 2 - Visual 1\" \/>Crunchyroll zeigt seit 6. Januar au\u00dferdem die Spin-off-Serie \u00bbRoom Camp\u00ab parallel zur japanischen TV-Ausstrahlung. Deren Episoden sind jeweils drei Minuten lang. Der japanischen Home-Video-Ver\u00f6ffentlichung der 1. Staffel von \u00bbLaid-Back Camp\u00ab lag bereits eine Episode 0 zu \u00bbRoom Camp\u00ab bei. Sie blieb hierzulande unver\u00f6ffentlicht. Eine weitere Episode mit dem Titel \u00bbSauna, Essen und ein Dreirad\u00ab wird dem japanischen Disc-Release von \u00bbRoom Camp\u00ab beiliegen.<\/p>\n<p>Afro zeichnet an der Vorlage seit Mai 2015 f\u00fcr das Seinen-Magazin \u00bbManga Time Kirara Forward\u00ab des Houbunsha-Verlages. Sie z\u00e4hlt 10 B\u00e4nde in Japan. Der Manga wird ab Juli 2020 bei Manga-Cult in Deutschland erscheinen.<\/p>\n<p><span style=\"text-decoration: underline;\">Darum geht es:<\/span><\/p>\n<blockquote><p>Die Obersch\u00fclerin Nadeshiko, welche j\u00fcngst erst von Shizuoka nach Yamanashi ziehen musste, entschlie\u00dft sich, den ber\u00fchmten Fuji vom 1000-Yen-Schein zu besuchen. Und obwohl sie es mit ihrem Fahrrad bis nach Motosu geschafft hat, \u00fcbernimmt sie sich im schlechten Wetter und verliert das Bewusstsein. Als sie in der n\u00e4chtlichen Dunkelheit aufwacht, hat sie keinen blassen Schimmer, wie sie nach Hause kommen soll. Doch dann begegnet sie der Camperin Rin. Zusammen w\u00e4rmen sie sich am Lagerfeuer und genie\u00dfen den Ausblick auf den See vor ihnen. Und w\u00e4hrend sie ihre Curry-Nudeln genie\u00dfen, passiert es \u2026<\/p>\n<p><small>Crunchyroll<\/small><\/p><\/blockquote>\n<p>(Quelle: ANN)<\/p>\n","protected":false},"excerpt":{"rendered":"<p>Social Distancing der anderen Art: Rin und ihre Freundinnen schlagen 2021 ihr Zelt wieder weit weg von der menschlichen Zivilisation auf.<\/p>\n","protected":false},"author":116,"featured_media":17836,"comment_status":"open","ping_status":"open","sticky":false,"template":"","format":"standard","meta":{"_acf_changed":false,"episode_type":"","audio_file":"","cover_image":"","cover_image_id":"","duration":"","filesize":"","date_recorded":"","explicit":"","block":"","filesize_raw":"","footnotes":""},"categories":[983],"tags":[1022,1011,1012],"class_list":["post-13446","post","type-post","status-publish","format-standard","has-post-thumbnail","hentry","category-anime-jp","tag-animefortsetzung","tag-mangaadaption","tag-neuer-anime"],"acf":[],"_links":{"self":[{"href":"https:\/\/anihabara.de\/index.php\/wp-json\/wp\/v2\/posts\/13446","targetHints":{"allow":["GET"]}}],"collection":[{"href":"https:\/\/anihabara.de\/index.php\/wp-json\/wp\/v2\/posts"}],"about":[{"href":"https:\/\/anihabara.de\/index.php\/wp-json\/wp\/v2\/types\/post"}],"author":[{"embeddable":true,"href":"https:\/\/anihabara.de\/index.php\/wp-json\/wp\/v2\/users\/116"}],"replies":[{"embeddable":true,"href":"https:\/\/anihabara.de\/index.php\/wp-json\/wp\/v2\/comments?post=13446"}],"version-history":[{"count":3,"href":"https:\/\/anihabara.de\/index.php\/wp-json\/wp\/v2\/posts\/13446\/revisions"}],"predecessor-version":[{"id":21608,"href":"https:\/\/anihabara.de\/index.php\/wp-json\/wp\/v2\/posts\/13446\/revisions\/21608"}],"wp:featuredmedia":[{"embeddable":true,"href":"https:\/\/anihabara.de\/index.php\/wp-json\/wp\/v2\/media\/17836"}],"wp:attachment":[{"href":"https:\/\/anihabara.de\/index.php\/wp-json\/wp\/v2\/media?parent=13446"}],"wp:term":[{"taxonomy":"category","embeddable":true,"href":"https:\/\/anihabara.de\/index.php\/wp-json\/wp\/v2\/categories?post=13446"},{"taxonomy":"post_tag","embeddable":true,"href":"https:\/\/anihabara.de\/index.php\/wp-json\/wp\/v2\/tags?post=13446"}],"curies":[{"name":"wp","href":"https:\/\/api.w.org\/{rel}","templated":true}]}}