{"id":13318,"date":"2019-08-15T15:43:08","date_gmt":"2019-08-15T13:43:08","guid":{"rendered":"https:\/\/anihabara.de\/index.php\/2019\/08\/15\/tokunana-neuer-actionkrimi-startet-am-6-oktober\/"},"modified":"2023-12-02T18:35:43","modified_gmt":"2023-12-02T17:35:43","slug":"tokunana-neuer-actionkrimi-startet-am-6-oktober","status":"publish","type":"post","link":"https:\/\/anihabara.de\/index.php\/2019\/08\/15\/tokunana-neuer-actionkrimi-startet-am-6-oktober\/","title":{"rendered":"\u00bbTokunana\u00ab &#8211; Neuer Actionkrimi startet am 6. Oktober"},"content":{"rendered":"<p><span style=\"font-size: 16pt;\">Special 7: Eine Einheit aus Menschen mit \u00fcbermenschlichen Kr\u00e4ften k\u00e4mpft gegen eine Terrororganisation, die die Macht der Drachen erstrebt.<\/span><\/p>\n<p><!--more--><\/p>\n<p>Auf der Webseite zum Original-Anime \u00bbSpecial Crime Investigation Unit Special 7\u00ab (im Original \u00bbKeishich\u014d Tokumu-bu Tokushu Ky\u014daku-han Taisaku-Shitsu Dai-Nana-ka: Tokunana\u00ab) wurde vergangene Woche ein neues Promo-Video ver\u00f6ffentlicht, welches enth\u00fclllt, dass der Actionkrimi bei AT-X ab 6. Oktober im japanischen Fernsehen zu sehen sein wird. Das Opening ist ebenfalls erstmals zu h\u00f6ren: Es hei\u00dft&nbsp;\u00bbTake On Fever\u00ab und&nbsp;Oldcodex (\u00bbFree!\u00ab, \u00bbKuroko&#8217;s Baketball\u00ab) performt es.<\/p>\n<p><iframe width=\"480\" height=\"270\" src=\"https:\/\/www.youtube.com\/embed\/hk6t6wsGa3c\" frameborder=\"0\" allow=\"accelerometer; autoplay; encrypted-media; gyroscope; picture-in-picture\" allowfullscreen><\/iframe><br \/>\nHarume Kosaka (Technischer Leiter: \u00bbSailor Moon\u00ab) f\u00fchrt bei der Anime-Serie zusammen mit Chefregissuer Takayuki Kuriyama (\u00bbAngolmois: Record of Mongol Invasion\u00ab) die Regie. Yuichiro Higashide (\u00bbFate\/Apocrypha\u00ab) schreibt das Drehbuch und Hiroya Iijima (\u00bbMazinger Z: Infinity\u00ab) setzt die Charakterdesigns von Mangaka Nanae Chrono (\u00bbPeace Maker\u00ab) f\u00fcr die Animation um. Kazuo Takigawa (\u00bbTokko\u00ab) \u00fcbernimmt die Position des Chefanimationsdirektors und Ry\u014d Takahashi (\u00bbCitrus\u00ab, \u00bbACCA: 13-Territory Inspection Dept.\u00ab) komponiert den Soundtrack.&nbsp;<\/p>\n<p><img decoding=\"async\" src=\"https:\/\/anihabara.de\/wp-content\/uploads\/2023\/12\/chara01_full-1.png.jpg\" alt=\"Seiji \u00bbRookie\u00ab Nanatsuki\" width=\"14%\" \/><img decoding=\"async\" src=\"https:\/\/anihabara.de\/wp-content\/uploads\/2023\/12\/chara02_full-1.png.jpg\" alt=\"Shiori \u00bbCharisma\u00ab Ichinose\" width=\"14%\" \/><img decoding=\"async\" src=\"https:\/\/anihabara.de\/wp-content\/uploads\/2023\/12\/chara03_full-1.png.jpg\" alt=\"Kujaku \u00bbAnalyzer\u00ab Nij\u014d\" width=\"14%\" \/><img decoding=\"async\" src=\"https:\/\/anihabara.de\/wp-content\/uploads\/2023\/12\/chara04_full-2.png.jpg\" alt=\"Akane \u00bbSamurai\u00ab Shikisai\" width=\"14%\" \/><img decoding=\"async\" src=\"https:\/\/anihabara.de\/wp-content\/uploads\/2023\/12\/chara05_full-2.png.jpg\" alt=\"Bellemer \u00bbNinja\u00ab Cinq\" width=\"14%\" \/><img decoding=\"async\" src=\"https:\/\/anihabara.de\/wp-content\/uploads\/2023\/12\/chara06_full.png.jpg\" alt=\"Rokusuke \u00bbSniper\u00ab End\u014d\" width=\"14%\" \/><img decoding=\"async\" src=\"https:\/\/anihabara.de\/wp-content\/uploads\/2023\/12\/chara07_full.png.jpg\" alt=\"Sakon Zeroemon \u00bbBoss\u00ab Kiry\u016bin\" width=\"14%\" \/><\/p>\n<p><span style=\"text-decoration: underline;\">Das sind die Synchronsprecher:<\/span><\/p>\n<ul>\n<li><a href=\"https:\/\/myanimelist.net\/people\/356\/\" target=\"_blank\" rel=\"noopener\">Hiro Shimono<\/a> (Keima Katsuragi aus \u00bbThe World God Only Know\u00ab) spricht Seiji \u00bbRookie\u00ab Nanatsuki<\/li>\n<li><a href=\"https:\/\/myanimelist.net\/people\/591\/\" target=\"_blank\" rel=\"noopener\">Kenjiro Tsuda<\/a> (Nicolas Brown aus \u00bbGangsta.\u00ab) spricht Shiori \u00bbCharisma\u00ab Ichinose<\/li>\n<li><a href=\"https:\/\/myanimelist.net\/people\/735\/\" target=\"_blank\" rel=\"noopener\">Tatsuhisa Suzuki<\/a> (Noctis Lucis Caelum aus \u00bbFinal Fantasy XV\u00ab) spricht Kujaku \u00bbAnalyzer\u00ab Nij\u014d<\/li>\n<li><a href=\"https:\/\/myanimelist.net\/people\/428\/\" target=\"_blank\" rel=\"noopener\">Yuko Kaida<\/a> (Tsukuyo aus \u00bbGintama\u00ab) spricht Akane \u00bbSamurai\u00ab Shikisai<\/li>\n<li><a href=\"https:\/\/myanimelist.net\/people\/27395\/\" target=\"_blank\" rel=\"noopener\">Ari Ozawa<\/a> (Chiyo Sakura aus \u00bbMonthly Girls&#8216; Nozaki-kun\u00ab) spricht Bellemer \u00bbNinja\u00ab Cinq<\/li>\n<li><a href=\"https:\/\/myanimelist.net\/people\/299\/\" target=\"_blank\" rel=\"noopener\">Kenji Nomura<\/a> (Akihiro Kanou aus \u00bbTokyo Ghoul\u00ab) spricht Rokusuke \u00bbSniper\u00ab End\u014d<\/li>\n<li><a href=\"https:\/\/myanimelist.net\/people\/6\/\" target=\"_blank\" rel=\"noopener\">Toshiyuki Morizawa<\/a> (Minato Namikaze aus \u00bbNaruto\u00ab) Sakon Zeroemon \u00bbBoss\u00ab Kiry\u016bin<\/li>\n<\/ul>\n<p><span style=\"text-decoration: underline;\">Darum geht es:<\/span><\/p>\n<blockquote><p>Tokio im Jahr 2X19: W\u00e4hrend die Welt eine Zeit relativen Friedens genie\u00dft, r\u00fchrt sich im Verborgenen eine Gruppe von Unholden, die diesen Frieden zu st\u00f6ren versucht. Diese Gruppe, die sich als \u00bbNine\u00ab bezeichnet, hat es sich zur Aufgabe gemacht, die Macht der Drachen zu erlangen \u2013 und dabei ist ihnen jedes Mittel recht. Als Reaktion auf das Chaos, das \u00bbNine\u00ab verursacht, gr\u00fcndete die Polizei eine Spezialeinheit, die aus den verschiedensten Spezialisten besteht, die sich \u00bbNine\u00ab in den Weg stellen sollen: \u00bbSpecial 7\u00ab! Diese Spezialisten haben die Grenzen gew\u00f6hnlicher Menschen jedoch weit hinter sich gelassen und besitzen F\u00e4higkeiten, die sie so stark vom Fu\u00dfvolk unterscheiden, dass dieses insgeheim schon gegen sie rebelliert. In diese Spezialeinheit tritt auch der junge Seiji Nanatsuki ein, der sich von den Neckereien seiner Kollegen nicht unterkriegen l\u00e4sst und sich mutig an die L\u00f6sung der F\u00e4lle rund um \u00bbNine\u00ab macht.<\/p>\n<p><small>Anisearch<\/small><\/p><\/blockquote>\n<p>(Quelle: ANN)<\/p>\n","protected":false},"excerpt":{"rendered":"<p>Special 7: Eine Einheit aus Menschen mit \u00fcbermenschlichen Kr\u00e4ften k\u00e4mpft gegen eine Terrororganisation, die die Macht der Drachen erstrebt.<\/p>\n","protected":false},"author":100,"featured_media":18090,"comment_status":"open","ping_status":"open","sticky":false,"template":"","format":"standard","meta":{"_acf_changed":false,"episode_type":"","audio_file":"","cover_image":"","cover_image_id":"","duration":"","filesize":"","date_recorded":"","explicit":"","block":"","filesize_raw":"","footnotes":""},"categories":[983],"tags":[1012,1023],"class_list":["post-13318","post","type-post","status-publish","format-standard","has-post-thumbnail","hentry","category-anime-jp","tag-neuer-anime","tag-originalwerk"],"acf":[],"_links":{"self":[{"href":"https:\/\/anihabara.de\/index.php\/wp-json\/wp\/v2\/posts\/13318","targetHints":{"allow":["GET"]}}],"collection":[{"href":"https:\/\/anihabara.de\/index.php\/wp-json\/wp\/v2\/posts"}],"about":[{"href":"https:\/\/anihabara.de\/index.php\/wp-json\/wp\/v2\/types\/post"}],"author":[{"embeddable":true,"href":"https:\/\/anihabara.de\/index.php\/wp-json\/wp\/v2\/users\/100"}],"replies":[{"embeddable":true,"href":"https:\/\/anihabara.de\/index.php\/wp-json\/wp\/v2\/comments?post=13318"}],"version-history":[{"count":9,"href":"https:\/\/anihabara.de\/index.php\/wp-json\/wp\/v2\/posts\/13318\/revisions"}],"predecessor-version":[{"id":21741,"href":"https:\/\/anihabara.de\/index.php\/wp-json\/wp\/v2\/posts\/13318\/revisions\/21741"}],"wp:featuredmedia":[{"embeddable":true,"href":"https:\/\/anihabara.de\/index.php\/wp-json\/wp\/v2\/media\/18090"}],"wp:attachment":[{"href":"https:\/\/anihabara.de\/index.php\/wp-json\/wp\/v2\/media?parent=13318"}],"wp:term":[{"taxonomy":"category","embeddable":true,"href":"https:\/\/anihabara.de\/index.php\/wp-json\/wp\/v2\/categories?post=13318"},{"taxonomy":"post_tag","embeddable":true,"href":"https:\/\/anihabara.de\/index.php\/wp-json\/wp\/v2\/tags?post=13318"}],"curies":[{"name":"wp","href":"https:\/\/api.w.org\/{rel}","templated":true}]}}