{"id":13100,"date":"2018-08-10T14:15:37","date_gmt":"2018-08-10T12:15:37","guid":{"rendered":"https:\/\/anihabara.de\/index.php\/2018\/08\/10\/code-geass-re-surrection-sequel-als-animefilm-bekanntgegeben\/"},"modified":"2023-12-03T01:16:13","modified_gmt":"2023-12-03T00:16:13","slug":"code-geass-re-surrection-sequel-als-animefilm-bekanntgegeben","status":"publish","type":"post","link":"https:\/\/anihabara.de\/index.php\/2018\/08\/10\/code-geass-re-surrection-sequel-als-animefilm-bekanntgegeben\/","title":{"rendered":"\u00bbCode Geass: Re;surrection\u00ab &#8211; Sequel stellt sich als Animefilm heraus"},"content":{"rendered":"<p><span style=\"font-size: 16pt;\">Wie sieht die Welt nach Lelouch aus? Kehrt Ruhe ein oder regiert das Chaos? Ein Animefilm der Sch\u00f6pfer des Originals widmet sich im Februar 2019 dieser Frage.<\/span><\/p>\n<p><!--more--><\/p>\n<p>Am Montag begann Sunrise International einen Deb\u00fct-Trailer mit englischen Untertiteln zu \u00bbCode Geass: Re;surrection\u00ab (im Original: \u00bbCode Geass: Fukkatsu no Lelouch\u00ab) \u00fcber seine Facebook-Seite zu zeigen, welcher die angek\u00fcndigte Fortsetzung als einzelnen Film enth\u00fcllt, der im Februar 2019 in den japanischen Kinos gezeigt wird. Zuvor schon best\u00e4tigte Regisseur Goro Taniguchi, dass gro\u00dfe Teile des Animationsteams der urspr\u00fcnglichen Serie an dem Film arbeiten werden und der neue Handlungsstrang, welchen die Recapfilme er\u00f6ffneten, mit diesem Film abgeschlossen sei.<\/p>\n<p><iframe src=\"https:\/\/www.facebook.com\/plugins\/video.php?href=https%3A%2F%2Fwww.facebook.com%2FSunriseIntl%2Fvideos%2F867098186819700%2F&#038;show_text=0&#038;width=480\" width=\"480\" height=\"270\" style=\"border:none;overflow:hidden\" scrolling=\"no\" frameborder=\"0\" allowTransparency=\"true\" allowFullScreen=\"true\"><\/iframe><br \/>\nGoro Taniguchi (Planetes, Maria the Virgin Witch) f\u00fchrt bei dem Animefilm erneut die Regie f\u00fcr Studio Sunrise. Drehbuchautor Ichiro Okouchi (Planetes, Princess Principal), Charakterdesigner Takahiro Kimura (Betterman) sowie Soundtrackkomponist Kotaro Nakagawa (Planetes, Gosick) sind ebenfalls wieder beteiligt. Die Charakterdesigns von&nbsp;\u00bbCode Geass\u00ab basieren auf Entw\u00fcrfen des Zeichnerinnen-Quartetts Clamp.<\/p>\n<p><img decoding=\"async\" style=\"float: right; margin-left: 2%;\" src=\"https:\/\/anihabara.de\/wp-content\/uploads\/2023\/12\/87709l.jpg\" alt=\"Code Geass: Lelouch of the Rebellion - Awakening\" width=\"25%\" \/>Sunrise enth\u00fcllte \u00bbCode Geass: Re;surrection\u00ab im November 2016 zum 10. Jubil\u00e4um des Franchises als Nachfolgeprojekt zusammen mit einer dreiteiligen Animefilmreihe, welche die urspr\u00fcnglichen beiden Staffeln zusammenfasst \u2013 <a href=\"https:\/\/anihabara.de\/index.php\/2016\/11\/28\/fortsetzung-und-film-reihe-zu-code-geass-angekuendigt\/\" target=\"_blank\" rel=\"noopener\">wir berichteten<\/a>. \u00bbCode Geass: Lelouch of the Rebellion &#8211; Awakening\u00ab ist der erste Teil der Reihe und wurde in Japan erstmals am 21. Oktober 2017 auf der Leinwand gezeigt. \u00bbCode Geass: Lelouch of the Rebellion &#8211; Rebellion\u00ab folgte im Februar und&nbsp;\u00bbCode Geass: Lelouch of the Rebellion &#8211; Emperor\u00ab im Mai.<\/p>\n<p>Der urspr\u00fcngliche TV-Anime \u00bbCode Geass: Lelouch of the Rebellion\u00ab feierte im Oktober 2006 seine Premiere und umspannte 25 Episoden. Eine zweite Staffel mit ebenfalls 25 Episoden namens \u00bbCode Geass: Lelouch of the Rebellion R2\u00ab&nbsp;ging im April 2008 an den Start.&nbsp;Es folgten mehrere Manga-Umsetzungen sowie OVAs \u2013 darunter f\u00fcnf je einst\u00fcndige Spinoff-Specials zusammengefasst unter dem Titel \u00bbCode Geass: Akito the Exiled\u00ab diesmal mit Kazuki Akane (\u00bbThe Vision of Escaflowne\u00ab) als Regisseur , welche im Juli 2012 erstmals in Japan gezeigt wurden und zwischen den ersten beiden Staffeln in einem fiktiven Europa spielt. Sowohl die Serie als auch die OVA brachte Kaz\u00e9 Anime mit deutscher Synchronisation bei uns auf den Markt.<\/p>\n<p>(Quelle: ANN)<\/p>\n","protected":false},"excerpt":{"rendered":"<p>Wie sieht die Welt nach Lelouch aus? Kehrt Ruhe ein oder regiert das Chaos? Ein Animefilm der Sch\u00f6pfer des Originals widmet sich im Februar 2019 dieser Frage.<\/p>\n","protected":false},"author":100,"featured_media":18463,"comment_status":"open","ping_status":"open","sticky":false,"template":"","format":"standard","meta":{"_acf_changed":false,"episode_type":"","audio_file":"","cover_image":"","cover_image_id":"","duration":"","filesize":"","date_recorded":"","explicit":"","block":"","filesize_raw":"","footnotes":""},"categories":[983],"tags":[1022,1016],"class_list":["post-13100","post","type-post","status-publish","format-standard","has-post-thumbnail","hentry","category-anime-jp","tag-animefortsetzung","tag-neuer-animefilm"],"acf":[],"_links":{"self":[{"href":"https:\/\/anihabara.de\/index.php\/wp-json\/wp\/v2\/posts\/13100","targetHints":{"allow":["GET"]}}],"collection":[{"href":"https:\/\/anihabara.de\/index.php\/wp-json\/wp\/v2\/posts"}],"about":[{"href":"https:\/\/anihabara.de\/index.php\/wp-json\/wp\/v2\/types\/post"}],"author":[{"embeddable":true,"href":"https:\/\/anihabara.de\/index.php\/wp-json\/wp\/v2\/users\/100"}],"replies":[{"embeddable":true,"href":"https:\/\/anihabara.de\/index.php\/wp-json\/wp\/v2\/comments?post=13100"}],"version-history":[{"count":4,"href":"https:\/\/anihabara.de\/index.php\/wp-json\/wp\/v2\/posts\/13100\/revisions"}],"predecessor-version":[{"id":21933,"href":"https:\/\/anihabara.de\/index.php\/wp-json\/wp\/v2\/posts\/13100\/revisions\/21933"}],"wp:featuredmedia":[{"embeddable":true,"href":"https:\/\/anihabara.de\/index.php\/wp-json\/wp\/v2\/media\/18463"}],"wp:attachment":[{"href":"https:\/\/anihabara.de\/index.php\/wp-json\/wp\/v2\/media?parent=13100"}],"wp:term":[{"taxonomy":"category","embeddable":true,"href":"https:\/\/anihabara.de\/index.php\/wp-json\/wp\/v2\/categories?post=13100"},{"taxonomy":"post_tag","embeddable":true,"href":"https:\/\/anihabara.de\/index.php\/wp-json\/wp\/v2\/tags?post=13100"}],"curies":[{"name":"wp","href":"https:\/\/api.w.org\/{rel}","templated":true}]}}