{"id":13071,"date":"2018-07-03T09:08:34","date_gmt":"2018-07-03T07:08:34","guid":{"rendered":"https:\/\/anihabara.de\/index.php\/2018\/07\/03\/violet-evergarden-animefilm-zur-serie-erscheint-weltweit\/"},"modified":"2023-12-03T16:13:16","modified_gmt":"2023-12-03T15:13:16","slug":"violet-evergarden-animefilm-zur-serie-erscheint-weltweit","status":"publish","type":"post","link":"https:\/\/anihabara.de\/index.php\/2018\/07\/03\/violet-evergarden-animefilm-zur-serie-erscheint-weltweit\/","title":{"rendered":"\u00bbViolet Evergarden\u00ab &#8211; Animefilm zur Serie erscheint weltweit"},"content":{"rendered":"<p><span style=\"font-size: 16pt;\">Geschunden vom Krieg zur\u00fcck ins Leben: Violet Evergarden war eines der Ph\u00e4nomene des vergangenen Jahres. Nun kehrt das emotionale Drama zur\u00fcck.<br \/>\n<\/span><\/p>\n<p><!--more--><\/p>\n<p><img decoding=\"async\" style=\"float: right; margin-left: 2%;\" src=\"https:\/\/anihabara.de\/wp-content\/uploads\/2023\/12\/violetevergarden_shinsakugekijoban.jpg\" alt=\"Violet Evergarden - Animefilm\" width=\"40%\" \/>\u00dcber den Twitter-Account zur Animeserie \u00bbViolet Evergarden\u00ab aus dem Hause Kyoto Animation wurde am Montag das im M\u00e4rz angek\u00fcndigte neue Projekt als Animefilm enth\u00fcllt. Der Film soll demnach im Januar 2020 weltweit zeitgleich erscheinen. Ein neues Buchprojekt zum Franchise k\u00fcndigte das Animationsstudio ebenfalls an. Im Rahmen der vierten und letzten Disk des japanischen Home-Video-Releases wird ferner am 4. Juli eine OVA zum Anime ver\u00f6ffentlicht.<\/p>\n<p>\u00bbViolet Evergarden\u00ab entstand unter der Regie von Taichi Ishidate (\u00bbBeyond the Boundary\u00ab) bei Kyoto Animation und feierte im Januar 2018 in Japan seine Premiere. Parallel zur Ausstrahlung zeigte Netflix die Serie bei uns sowohl mit deutschen Untertiteln im Originalton als auch mit deutscher Synchronisation. Ab 10. August bringt Universum Anime die Serie au\u00dferdem als DVD und Blu-ray in den Handel. Reiko Yoshida (\u00bbK-On!\u00ab) setzte ferner das Drehbuch f\u00fcr die Animation um, w\u00e4hrend Akiko Takase (als Illustrator der Lightnovel) die Charaktere zeichnete. Evan Call (\u00bbSchwarzesmarken\u00ab) komponierte den Soundtrack.&nbsp;<\/p>\n<p>Als Vorlage fungierte die gleichnamige Fantasy-Lightnovel von Kana Akatsuki, welche ab Dezember 2015 im hauseigenen Verlag KA Esumo Bunko mit Illustrationen von Akiko Takase erschien und seine Geschichte in zwei B\u00e4nden abschlie\u00dft. Im Jahr zuvor gewann \u00bbViolet Evergarden\u00ab in der Lightnovel-Kategorie des f\u00fcnften Kyoto-Animation-Awards den ersten Hauptpreis \u00fcberhaupt. Des Weiteren ver\u00f6ffentlichten Akatsuki und KA Esuma Bunko am 23. M\u00e4rz unter dem Namen \u00bbViolet Evergarden Gaiden\u00ab einen Band mit Nebengeschichten.<\/p>\n<p><span style=\"text-decoration: underline;\">Darum geht es:<\/span><\/p>\n<blockquote><p>Der Krieg ist vor\u00fcber und Violet Evergarden braucht einen Job. Geschunden und gef\u00fchlslos nimmt sie einen Job als Briefschreiberin an, um sich selbst verstehen zu lernen.<\/p>\n<p><small>Netflix<\/small><\/p><\/blockquote>\n<p>(Quelle: ANN)<\/p>\n","protected":false},"excerpt":{"rendered":"<p>Geschunden vom Krieg zur\u00fcck ins Leben: Violet Evergarden war eines der Ph\u00e4nomene des vergangenen Jahres. Nun kehrt das emotionale Drama zur\u00fcck.<\/p>\n","protected":false},"author":100,"featured_media":18545,"comment_status":"open","ping_status":"open","sticky":false,"template":"","format":"standard","meta":{"_acf_changed":false,"episode_type":"","audio_file":"","cover_image":"","cover_image_id":"","duration":"","filesize":"","date_recorded":"","explicit":"","block":"","filesize_raw":"","footnotes":""},"categories":[983],"tags":[1016],"class_list":["post-13071","post","type-post","status-publish","format-standard","has-post-thumbnail","hentry","category-anime-jp","tag-neuer-animefilm"],"acf":[],"_links":{"self":[{"href":"https:\/\/anihabara.de\/index.php\/wp-json\/wp\/v2\/posts\/13071","targetHints":{"allow":["GET"]}}],"collection":[{"href":"https:\/\/anihabara.de\/index.php\/wp-json\/wp\/v2\/posts"}],"about":[{"href":"https:\/\/anihabara.de\/index.php\/wp-json\/wp\/v2\/types\/post"}],"author":[{"embeddable":true,"href":"https:\/\/anihabara.de\/index.php\/wp-json\/wp\/v2\/users\/100"}],"replies":[{"embeddable":true,"href":"https:\/\/anihabara.de\/index.php\/wp-json\/wp\/v2\/comments?post=13071"}],"version-history":[{"count":2,"href":"https:\/\/anihabara.de\/index.php\/wp-json\/wp\/v2\/posts\/13071\/revisions"}],"predecessor-version":[{"id":22037,"href":"https:\/\/anihabara.de\/index.php\/wp-json\/wp\/v2\/posts\/13071\/revisions\/22037"}],"wp:featuredmedia":[{"embeddable":true,"href":"https:\/\/anihabara.de\/index.php\/wp-json\/wp\/v2\/media\/18545"}],"wp:attachment":[{"href":"https:\/\/anihabara.de\/index.php\/wp-json\/wp\/v2\/media?parent=13071"}],"wp:term":[{"taxonomy":"category","embeddable":true,"href":"https:\/\/anihabara.de\/index.php\/wp-json\/wp\/v2\/categories?post=13071"},{"taxonomy":"post_tag","embeddable":true,"href":"https:\/\/anihabara.de\/index.php\/wp-json\/wp\/v2\/tags?post=13071"}],"curies":[{"name":"wp","href":"https:\/\/api.w.org\/{rel}","templated":true}]}}