{"id":12985,"date":"2018-02-23T01:47:00","date_gmt":"2018-02-23T00:47:00","guid":{"rendered":"https:\/\/anihabara.de\/index.php\/2018\/02\/23\/prosieben-maxx-zeigt-blue-exorcist-in-der-animenacht-2\/"},"modified":"2023-12-16T01:35:15","modified_gmt":"2023-12-16T00:35:15","slug":"prosieben-maxx-zeigt-blue-exorcist-in-der-animenacht-2","status":"publish","type":"post","link":"https:\/\/anihabara.de\/index.php\/2018\/02\/23\/prosieben-maxx-zeigt-blue-exorcist-in-der-animenacht-2\/","title":{"rendered":"Prosieben Maxx zeigt \u00bbBlue Exorcist\u00ab in der Animenacht"},"content":{"rendered":"<p><span style=\"font-size: 16pt;\">Rin und Yukio sind Zwillinge und die S\u00f6hne Satans h\u00f6chstpers\u00f6nlich. Ihren Kampf als Exorzisten gegen die M\u00e4chte der H\u00f6lle zeigt Prosieben Maxx ab 16. M\u00e4rz.<\/span><\/p>\n<p><!--more--><\/p>\n<p>Prosieben Maxx enth\u00fcllt am Montag Pl\u00e4ne, \u00bbBlue Exorcist\u00ab ab 16. M\u00e4rz ungeschnitten in deutscher Erstausstrahlung jeden Freitag nach dem Animefilm gegen 22.15 Uhr im Rahmen der Animenacht zeigen zu wollen. Im Anschluss an die Ausstrahlung sind die Episoden zwei Wochen lang auf der Webseite des Senders kostenlos abrufbar. Die Sendezeit von \u00bbCode Geass\u00ab verschiebt sich dadurch auf 22.45 Uhr. \u00bbBleach\u00ab zeigte der Free-TV-Sender zuvor um 23.00 Uhr und wird nun am 9. M\u00e4rz&nbsp;mit der 20. Folge zun\u00e4chst das letzte Mal ausgestrahlt.<\/p>\n<p><iframe width=\"480\" height=\"270\" src=\"https:\/\/www.youtube.com\/embed\/rNlKIMdW4x8\" frameborder=\"0\" allow=\"autoplay; encrypted-media\" allowfullscreen><\/iframe><br \/>\n\u00bbBlue Exorcist\u00ab feierte im April 2011 seine Premiere und wurde unter der Regie von Tensai Okamura (\u00bbWolf&#8217;s Rain\u00ab, \u00bbThe Seven Deadly Sins\u00ab) bei A-1 Pictures animiert. Ferner schrieb Yamaguchi Ryota (Kanon) das Drehbuch und Keigo Sasaki (\u00bbThe Seven Deadly Sins\u00ab) \u00fcbernahm die Rolle des Chef-Animationsdirektors und Charakterdesigners. Hiroyuki Sawano (\u00bbAttack on Titan\u00ab, \u00bbThe Seven Deadly Sins\u00ab) komponierte den Soundtrack zur Anime-Serie. Es folgten ein Anime-Film in 2012 und mit \u00bbBlue Exorcist: Kyoto Saga\u00ab im letzten Jahr eine zweite Staffel.<\/p>\n<p>Den Grundstein daf\u00fcr legte Mangaka Kazue Katou im April 2009 mit dem gleichnamigen Action-Manga, den Shueisha im monatlichen \u00bbJump SQ\u00ab ver\u00f6ffentlicht und derzeit 20 B\u00e4nde z\u00e4hlt. Sowohl Manga als auch Anime sicherte sich hierzulande Kaz\u00e9 Deutschland, die auch die zweite Staffel ab 29. Juni 2018 auf DVD und Blu-ray herausbringen.<\/p>\n<p><span style=\"text-decoration: underline;\">Darum geht es:<\/span><\/p>\n<blockquote><p>Gut erzogen ist was anderes. Rin geht nicht mehr zur Schule, pr\u00fcgelt sich und Arbeiten liegt ihm irgendwie auch nicht. Zusammen mit seinem Zwillingsbruder Yukio, der das genaue Gegenteil von Rin zu sein scheint, lebt er bei seinem Ziehvater. Pater Fujimoto liebt trotz allem beide Br\u00fcder, denn er bewahrt ein gro\u00dfes Geheimnis: Sie sind die S\u00f6hne Satans! Eines Tages, als auch Rin der Wahrheit ins Auge blicken muss, \u00f6ffnet sich das Tor zur Welt der D\u00e4monen. Satan will seinen Sohn mit sich nehmen, doch Pater Fujimoto opfert sich f\u00fcr ihn. F\u00fcr Rin steht fest: Niemand soll mehr sterben, weil er sich nicht verteidigen kann! Doch wie verteidigt man sich am besten gegen den Teufel? Na klar, man wird Exorzist!<\/p>\n<p><small>Kaz\u00e9 Anime<\/small><\/p><\/blockquote>\n<p>(Quelle: ANN)<\/p>\n","protected":false},"excerpt":{"rendered":"<p>Rin und Yukio sind Zwillinge und die S\u00f6hne Satans h\u00f6chstpers\u00f6nlich. Ihren Kampf als Exorzisten gegen die M\u00e4chte der H\u00f6lle zeigt Prosieben Maxx ab 16. M\u00e4rz.<\/p>\n","protected":false},"author":100,"featured_media":18695,"comment_status":"open","ping_status":"open","sticky":false,"template":"","format":"standard","meta":{"_acf_changed":false,"episode_type":"","audio_file":"","cover_image":"","cover_image_id":"","duration":"","filesize":"","date_recorded":"","explicit":"","block":"","filesize_raw":"","footnotes":""},"categories":[987],"tags":[1057],"class_list":["post-12985","post","type-post","status-publish","format-standard","has-post-thumbnail","hentry","category-anime-de","tag-anime-im-tv"],"acf":[],"_links":{"self":[{"href":"https:\/\/anihabara.de\/index.php\/wp-json\/wp\/v2\/posts\/12985","targetHints":{"allow":["GET"]}}],"collection":[{"href":"https:\/\/anihabara.de\/index.php\/wp-json\/wp\/v2\/posts"}],"about":[{"href":"https:\/\/anihabara.de\/index.php\/wp-json\/wp\/v2\/types\/post"}],"author":[{"embeddable":true,"href":"https:\/\/anihabara.de\/index.php\/wp-json\/wp\/v2\/users\/100"}],"replies":[{"embeddable":true,"href":"https:\/\/anihabara.de\/index.php\/wp-json\/wp\/v2\/comments?post=12985"}],"version-history":[{"count":2,"href":"https:\/\/anihabara.de\/index.php\/wp-json\/wp\/v2\/posts\/12985\/revisions"}],"predecessor-version":[{"id":23469,"href":"https:\/\/anihabara.de\/index.php\/wp-json\/wp\/v2\/posts\/12985\/revisions\/23469"}],"wp:featuredmedia":[{"embeddable":true,"href":"https:\/\/anihabara.de\/index.php\/wp-json\/wp\/v2\/media\/18695"}],"wp:attachment":[{"href":"https:\/\/anihabara.de\/index.php\/wp-json\/wp\/v2\/media?parent=12985"}],"wp:term":[{"taxonomy":"category","embeddable":true,"href":"https:\/\/anihabara.de\/index.php\/wp-json\/wp\/v2\/categories?post=12985"},{"taxonomy":"post_tag","embeddable":true,"href":"https:\/\/anihabara.de\/index.php\/wp-json\/wp\/v2\/tags?post=12985"}],"curies":[{"name":"wp","href":"https:\/\/api.w.org\/{rel}","templated":true}]}}