{"id":12389,"date":"2017-07-23T17:03:00","date_gmt":"2017-07-23T15:03:00","guid":{"rendered":"https:\/\/anihabara.de\/index.php\/2017\/07\/23\/fairy-tail-abschliessende-anime-staffel-startet-2018\/"},"modified":"2023-10-30T15:23:44","modified_gmt":"2023-10-30T14:23:44","slug":"fairy-tail-abschliessende-anime-staffel-startet-2018","status":"publish","type":"post","link":"https:\/\/anihabara.de\/index.php\/2017\/07\/23\/fairy-tail-abschliessende-anime-staffel-startet-2018\/","title":{"rendered":"\u00bbFairy Tail\u00ab &#8211; Abschlie\u00dfende Anime-Staffel startet 2018"},"content":{"rendered":"<p><span style=\"font-size: 16pt;\">Weil der Manga keinen Stoff mehr hergab, pausiert die Anime-Serie seit 2016. Das hat sich jetzt ge\u00e4ndert und deshalb soll es 2018 auch weitergehen.<\/span><\/p>\n<p><!--more--><\/p>\n<p><img decoding=\"async\" class=\" alignright size-full wp-image-12388\" style=\"float: right; margin-left: 2%;\" src=\"https:\/\/anihabara.de\/wp-content\/uploads\/2017\/07\/A17834-3754845054.1451501672.jpg\" alt=\"Fairy Tail Zero\" width=\"25%\" srcset=\"https:\/\/anihabara.de\/wp-content\/uploads\/2017\/07\/A17834-3754845054.1451501672.jpg 315w, https:\/\/anihabara.de\/wp-content\/uploads\/2017\/07\/A17834-3754845054.1451501672-210x300.jpg 210w\" sizes=\"(max-width: 315px) 100vw, 315px\" \/>Hiro Mashima, Sch\u00f6pfer und Mangaka der beliebten Sh\u014dnen-Mangareihe \u00bbFairy Tail\u00ab, enth\u00fcllte am Donnerstag auf seinem Twitter-Account, dass eine dritte Staffel das Anime-Franchise kommendes Jahr zu seinem Abschluss bringen wird. Weitere Informationen sind derzeit noch nicht bekannt.<\/p>\n<p>Die 175-teilige erste Staffel von Studio Satelight und A-1 Pictures startete im Jahr 2009, gefolgt von der 102-teiligen zweite Staffel von Studio Bridge und A-1 Pictures im Jahr 2014. Daneben erschienen mehrere OVAs und Anime-Filme \u2013 darunter auch der zweite Anime-Film \u00bbFairy Tail: Dragon Cry\u00ab, der am 6. Mai in Japan und am 27. Juni auch hierzulande auf der Leinwand gezeigt wurde. Daneben sicherte sich Publisher Kaz\u00e9 die Home-Video-Rechte an der Anime-Serie und plant sie ab Oktober auf DVD und Blu-ray zu ver\u00f6ffentlichen. Zuvor werden die ersten drei Episoden am 29. August mit deutscher Synchro <a href=\"https:\/\/www.kaze-online.de\/anime-nights-im-kino\/\" target=\"_blank\" rel=\"noopener\">im Kino<\/a> vorgef\u00fchrt.<\/p>\n<p>Im Nachwort des 61. Bandes k\u00fcndigte Hiro Mashima im Mai das Ende der seit 2006 laufenden Manga-Reihe an. Demnach soll kommende Woche mit dem 545. Kapitel Schluss sein. Insgesamt umfasst die Reihe so 63 B\u00e4nde, an denen im deutschsprachigen Raum Carlsen Manga die Lizenz <a href=\"https:\/\/www.carlsen.de\/serie\/fairy-tail\/89766\" target=\"_blank\" rel=\"noopener\">h\u00e4lt<\/a>. Band 52 will der Verlag aus Hamburg am 1. August in den Handel bringen.<\/p>\n<p><span style=\"text-decoration: underline;\">Darum geht es: <\/span><\/p>\n<blockquote><p>Heutzutage organisieren sich die Magier in den unterschiedlichsten Gilden. Diese werden vom Rat der Magier \u00fcberwacht, denn es gibt auch schwarze Schafe unter ihnen. Einige sind in zwielichtige Machenschaften verstrickt. Lucy, ein junges Magier-M\u00e4dchen, hat einen Traum. Sie m\u00f6chte der ber\u00fchmten Magiergilde Fairy Tail beitreten. Zu ihrem Gl\u00fcck trifft sie Natsu, einen Jungen, der bereits Mitglied ist. Zusammen werden die beiden in ihr erstes Abenteuer geschickt \u2026<\/p>\n<p><small>Carlsen Manga<\/small><\/p><\/blockquote>\n<p>(Quelle: ANN)<\/p>\n","protected":false},"excerpt":{"rendered":"<p>Weil der Manga keinen Stoff mehr hergab, pausiert die Anime-Serie seit 2016. Das hat sich jetzt ge\u00e4ndert und deshalb soll es 2018 auch weitergehen.<\/p>\n","protected":false},"author":100,"featured_media":18828,"comment_status":"open","ping_status":"open","sticky":false,"template":"","format":"standard","meta":{"_acf_changed":false,"episode_type":"","audio_file":"","cover_image":"","cover_image_id":"","duration":"","filesize":"","date_recorded":"","explicit":"","block":"","filesize_raw":"","footnotes":""},"categories":[983],"tags":[1022,1011,1012],"class_list":["post-12389","post","type-post","status-publish","format-standard","has-post-thumbnail","hentry","category-anime-jp","tag-animefortsetzung","tag-mangaadaption","tag-neuer-anime"],"acf":[],"_links":{"self":[{"href":"https:\/\/anihabara.de\/index.php\/wp-json\/wp\/v2\/posts\/12389","targetHints":{"allow":["GET"]}}],"collection":[{"href":"https:\/\/anihabara.de\/index.php\/wp-json\/wp\/v2\/posts"}],"about":[{"href":"https:\/\/anihabara.de\/index.php\/wp-json\/wp\/v2\/types\/post"}],"author":[{"embeddable":true,"href":"https:\/\/anihabara.de\/index.php\/wp-json\/wp\/v2\/users\/100"}],"replies":[{"embeddable":true,"href":"https:\/\/anihabara.de\/index.php\/wp-json\/wp\/v2\/comments?post=12389"}],"version-history":[{"count":2,"href":"https:\/\/anihabara.de\/index.php\/wp-json\/wp\/v2\/posts\/12389\/revisions"}],"predecessor-version":[{"id":18858,"href":"https:\/\/anihabara.de\/index.php\/wp-json\/wp\/v2\/posts\/12389\/revisions\/18858"}],"wp:featuredmedia":[{"embeddable":true,"href":"https:\/\/anihabara.de\/index.php\/wp-json\/wp\/v2\/media\/18828"}],"wp:attachment":[{"href":"https:\/\/anihabara.de\/index.php\/wp-json\/wp\/v2\/media?parent=12389"}],"wp:term":[{"taxonomy":"category","embeddable":true,"href":"https:\/\/anihabara.de\/index.php\/wp-json\/wp\/v2\/categories?post=12389"},{"taxonomy":"post_tag","embeddable":true,"href":"https:\/\/anihabara.de\/index.php\/wp-json\/wp\/v2\/tags?post=12389"}],"curies":[{"name":"wp","href":"https:\/\/api.w.org\/{rel}","templated":true}]}}