{"id":12132,"date":"2017-05-16T10:49:19","date_gmt":"2017-05-16T08:49:19","guid":{"rendered":"https:\/\/anihabara.de\/index.php\/2017\/05\/16\/fairy-tail-manga-endet-mit-band-63\/"},"modified":"2024-01-09T21:15:16","modified_gmt":"2024-01-09T20:15:16","slug":"fairy-tail-manga-endet-mit-band-63","status":"publish","type":"post","link":"https:\/\/anihabara.de\/index.php\/2017\/05\/16\/fairy-tail-manga-endet-mit-band-63\/","title":{"rendered":"Fairy Tail: Manga endet mit Band 63"},"content":{"rendered":"<p><span style=\"font-size: 16pt;\">Das Abenteuer von Lucy und Natsu d\u00fcrfte eine der beliebtesten Shounen-Werke auf dem Markt sein. Nun soll die Reihe enden.<br \/>\n<\/span><\/p>\n<p><!--more--><\/p>\n<p><img decoding=\"async\" class=\" alignright size-full wp-image-12131\" style=\"float: right; margin-left: 2%;\" src=\"https:\/\/anihabara.de\/wp-content\/uploads\/2024\/01\/fairy-tail-61-big.jpg\" alt=\"Fairy Tail - Band 61\" width=\"25%\" \/>Am Mittwoch gibt Hiro Mashima im Nachwort des 61. Bandes seines Fighting-Shounen <em>Fairy Tail<\/em> bekannt, dass der Manga in zwei B\u00e4nden mit dem 63. Band enden wird. Au\u00dferdem redet er \u00fcber seine Pl\u00e4ne, bald schon eine neue Reihe zu starten, die mit neuen Erz\u00e4hlans\u00e4tzen, Charakteren und einer neuen Welt daherkommt.<\/p>\n<p>Zuletzt sprach die Website zu <em>Fairy Tail: Dragon Cry<\/em> dar\u00fcber, dass der seit 2006 laufende Manga sich in seinem letzten Ark befinde und weltweit \u00fcber 60 Millionen Mal abgedruckt wurde. \u00dcber die Jahre erschienen eine 175-teilige erste Staffel von Studio Satelight und A-1 Pictures im Jahr 2009, eine 102-teilige zweite Staffel von Studio Bridge und A-1 Pictures im Jahr 2014, mehrere OVA-Projekte und einige Spinoff-Manga.<\/p>\n<p>Der erste Anime-Film des Franchises <em>Fairy Tail: Phoenix Priestess<\/em> startete im August 2012 im Kino, gefolgt von einem zweiten Anime-Film <em>Fairy Tail: Dragon Cry<\/em> am 6. Mai, der auf Platz 10 der japanischen Kino-Charts einstieg und am 27. Juni auch hierzulande auf der Leinwand <a href=\"https:\/\/www.kaze-online.de\/anime-nights-im-kino\/\" target=\"_blank\" rel=\"noopener\">gezeigt wird<\/a>. Im deutschsprachigen Raum <a href=\"https:\/\/www.carlsen.de\/serie\/fairy-tail\/89766\" target=\"_blank\" rel=\"noopener\">h\u00e4lt<\/a> Carlsen Manga mit 50 ver\u00f6ffentlichten B\u00e4nden die Lizenz an der Reihe.<\/p>\n<p><span style=\"text-decoration: underline;\">Darum geht es:<\/span><\/p>\n<blockquote><p>Heutzutage organisieren sich die Magier in den unterschiedlichsten Gilden. Diese werden vom Rat der Magier \u00fcberwacht, denn es gibt auch schwarze Schafe unter ihnen. Einige sind in zwielichtige Machenschaften verstrickt. Lucy, ein junges Magier-M\u00e4dchen, hat einen Traum. Sie m\u00f6chte der ber\u00fchmten Magiergilde Fairy Tail beitreten. Zu ihrem Gl\u00fcck trifft sie Natsu, einen Jungen, der bereits Mitglied ist. Zusammen werden die beiden in ihr erstes Abenteuer geschickt \u2026<\/p>\n<p><small>Carlsen Manga<\/small><\/p><\/blockquote>\n<p>(Quelle: ANN)<\/p>\n","protected":false},"excerpt":{"rendered":"<p>Das Abenteuer von Lucy und Natsu d\u00fcrfte eine der beliebtesten Shounen-Werke auf dem Markt sein. Nun soll die Reihe enden.<\/p>\n","protected":false},"author":100,"featured_media":18875,"comment_status":"open","ping_status":"open","sticky":false,"template":"","format":"standard","meta":{"_acf_changed":false,"episode_type":"","audio_file":"","cover_image":"","cover_image_id":"","duration":"","filesize":"","date_recorded":"","explicit":"","block":"","filesize_raw":"","footnotes":""},"categories":[984],"tags":[1014],"class_list":["post-12132","post","type-post","status-publish","format-standard","has-post-thumbnail","hentry","category-manga-jp","tag-mangaende"],"acf":[],"_links":{"self":[{"href":"https:\/\/anihabara.de\/index.php\/wp-json\/wp\/v2\/posts\/12132","targetHints":{"allow":["GET"]}}],"collection":[{"href":"https:\/\/anihabara.de\/index.php\/wp-json\/wp\/v2\/posts"}],"about":[{"href":"https:\/\/anihabara.de\/index.php\/wp-json\/wp\/v2\/types\/post"}],"author":[{"embeddable":true,"href":"https:\/\/anihabara.de\/index.php\/wp-json\/wp\/v2\/users\/100"}],"replies":[{"embeddable":true,"href":"https:\/\/anihabara.de\/index.php\/wp-json\/wp\/v2\/comments?post=12132"}],"version-history":[{"count":2,"href":"https:\/\/anihabara.de\/index.php\/wp-json\/wp\/v2\/posts\/12132\/revisions"}],"predecessor-version":[{"id":25528,"href":"https:\/\/anihabara.de\/index.php\/wp-json\/wp\/v2\/posts\/12132\/revisions\/25528"}],"wp:featuredmedia":[{"embeddable":true,"href":"https:\/\/anihabara.de\/index.php\/wp-json\/wp\/v2\/media\/18875"}],"wp:attachment":[{"href":"https:\/\/anihabara.de\/index.php\/wp-json\/wp\/v2\/media?parent=12132"}],"wp:term":[{"taxonomy":"category","embeddable":true,"href":"https:\/\/anihabara.de\/index.php\/wp-json\/wp\/v2\/categories?post=12132"},{"taxonomy":"post_tag","embeddable":true,"href":"https:\/\/anihabara.de\/index.php\/wp-json\/wp\/v2\/tags?post=12132"}],"curies":[{"name":"wp","href":"https:\/\/api.w.org\/{rel}","templated":true}]}}