{"id":11537,"date":"2016-12-31T19:59:26","date_gmt":"2016-12-31T18:59:26","guid":{"rendered":"https:\/\/anihabara.de\/index.php\/2016\/12\/31\/originalwerk-re-creators-startet-rachefeldzug-im-april\/"},"modified":"2023-10-30T15:39:27","modified_gmt":"2023-10-30T14:39:27","slug":"originalwerk-re-creators-startet-rachefeldzug-im-april","status":"publish","type":"post","link":"https:\/\/anihabara.de\/index.php\/2016\/12\/31\/originalwerk-re-creators-startet-rachefeldzug-im-april\/","title":{"rendered":"Originalwerk Re:Creators startet Rachefeldzug im April"},"content":{"rendered":"<p><span style=\"font-size: 16pt;\">Rei Hiroe, bekannt als Sch\u00f6pfer von <em>Black Lagoon<\/em>, arbeitet aktuell mit Studio Troyca an einem neuen Anime. Zu diesem gab es nun erste Informationen.<\/span><\/p>\n<p><!--more--><\/p>\n<p><iframe style=\"float: right; margin-left: 2%;\" frameborder=\"0\" width=\"480\" height=\"270\" src=\"\/\/www.dailymotion.com\/embed\/video\/x56oukm\" allowfullscreen><\/iframe>Produzent Aniplex streamt seit Donnerstag einen ersten Trailer zum&nbsp;kommenden Fr\u00fchlingsseason-Originalwerk <em>Re:Creators<\/em> auf seinem Youtube-Kanal. Neben der Premiere des Anime im April listet dieser auch Story und Team der Animeproduktion.<\/p>\n<p>Idee und Charakterdesigns stammen demnach von <em>Black Lagoon-<\/em>Sch\u00f6pfer Rei Hiroe, w\u00e4hrend Studiogr\u00fcnder Ei Aoki (<em>Aldnoah.Zero<\/em>, <em>Fate\/Zero<\/em>) erneut auf dem Regiestuhl seines 2014 gegr\u00fcndeten Studio Troyca&nbsp;(<em>Aldnoah.Zero<\/em>) Platz nimmt. Aoki und Hiroe arbeiten au\u00dferdem zusammen an der Serienkomposition.<\/p>\n<p><img decoding=\"async\" class=\" alignright size-full wp-image-11536\" style=\"float: right; margin-left: 2%;\" src=\"https:\/\/anihabara.de\/wp-content\/uploads\/2016\/12\/re-creators-kv.jpeg\" alt=\"Re:Creators\" width=\"25%\" srcset=\"https:\/\/anihabara.de\/wp-content\/uploads\/2016\/12\/re-creators-kv.jpeg 465w, https:\/\/anihabara.de\/wp-content\/uploads\/2016\/12\/re-creators-kv-215x300.jpeg 215w\" sizes=\"(max-width: 465px) 100vw, 465px\" \/>Des Weiteren ist Makoto Katou (<em>Sakurako-san no Ashimoto ni wa Shitai ga Umatteiru<\/em>) Regieassistent des Projektes und Ryuichi Makino (Girls Bravo, Hourou Musuko) sowohl Animationsdirektor neben Jun Nakai (<em>Gate<\/em>,&nbsp;<em>Mardock Scramle<\/em>) als auch f\u00fcr die Adaption der Charakterdesigns zust\u00e4ndig. I-IV (<em>Aldnoah.Zero<\/em>) designt wie gewohnt alles Mechanische und Hiroyuki Sawano (<em>Attack on Titan<\/em>, <em>Guilty Crown<\/em>) ist ebenfalls als Musikkomponist mit an Bord.<\/p>\n<p><span style=\"text-decoration: underline;\">Darum geht es:<\/span><\/p>\n<blockquote><p>Die Menschheit hat viele Geschichten hervorgebracht. Traurige Geschichten, fr\u00f6hlich Geschichten, Geschichten voller Hass, tiefgr\u00fcndige Geschichten. Seither spielen sie mit unseren Emotionen und faszinieren uns. Trotzdem blieben wir immer in der Rolle des Beobachters. Was ist, wenn diese Charaktere auch ihre eigenen Absichten haben? Sind wir f\u00fcr sie dann gottgleiche Gesch\u00f6pfe, weil wir ihre Geschichten in die Welt gesetzt haben? Aber unsere Welt hat sich ge\u00e4ndert. Der Welt der G\u00f6tter droht ein blutiger Rachefeldzug. In Re:Creators ist jeder ein Sch\u00f6pfer.<\/p><\/blockquote>\n<p>(Quelle: ANN)<\/p>\n","protected":false},"excerpt":{"rendered":"<p>Rei Hiroe, bekannt als Sch\u00f6pfer von Black Lagoon, arbeitet aktuell mit Studio Troyca an einem neuen Anime. Zu diesem gab es nun erste Informationen.<\/p>\n","protected":false},"author":100,"featured_media":18970,"comment_status":"open","ping_status":"open","sticky":false,"template":"","format":"standard","meta":{"_acf_changed":false,"episode_type":"","audio_file":"","cover_image":"","cover_image_id":"","duration":"","filesize":"","date_recorded":"","explicit":"","block":"","filesize_raw":"","footnotes":""},"categories":[983],"tags":[1012,1023],"class_list":["post-11537","post","type-post","status-publish","format-standard","has-post-thumbnail","hentry","category-anime-jp","tag-neuer-anime","tag-originalwerk"],"acf":[],"_links":{"self":[{"href":"https:\/\/anihabara.de\/index.php\/wp-json\/wp\/v2\/posts\/11537","targetHints":{"allow":["GET"]}}],"collection":[{"href":"https:\/\/anihabara.de\/index.php\/wp-json\/wp\/v2\/posts"}],"about":[{"href":"https:\/\/anihabara.de\/index.php\/wp-json\/wp\/v2\/types\/post"}],"author":[{"embeddable":true,"href":"https:\/\/anihabara.de\/index.php\/wp-json\/wp\/v2\/users\/100"}],"replies":[{"embeddable":true,"href":"https:\/\/anihabara.de\/index.php\/wp-json\/wp\/v2\/comments?post=11537"}],"version-history":[{"count":2,"href":"https:\/\/anihabara.de\/index.php\/wp-json\/wp\/v2\/posts\/11537\/revisions"}],"predecessor-version":[{"id":18978,"href":"https:\/\/anihabara.de\/index.php\/wp-json\/wp\/v2\/posts\/11537\/revisions\/18978"}],"wp:featuredmedia":[{"embeddable":true,"href":"https:\/\/anihabara.de\/index.php\/wp-json\/wp\/v2\/media\/18970"}],"wp:attachment":[{"href":"https:\/\/anihabara.de\/index.php\/wp-json\/wp\/v2\/media?parent=11537"}],"wp:term":[{"taxonomy":"category","embeddable":true,"href":"https:\/\/anihabara.de\/index.php\/wp-json\/wp\/v2\/categories?post=11537"},{"taxonomy":"post_tag","embeddable":true,"href":"https:\/\/anihabara.de\/index.php\/wp-json\/wp\/v2\/tags?post=11537"}],"curies":[{"name":"wp","href":"https:\/\/api.w.org\/{rel}","templated":true}]}}