{"id":11358,"date":"2016-11-25T12:11:14","date_gmt":"2016-11-25T11:11:14","guid":{"rendered":"https:\/\/anihabara.de\/index.php\/2016\/11\/25\/youjo-senki-anime-zieht-im-januar-ins-tv-ein\/"},"modified":"2023-10-30T15:46:26","modified_gmt":"2023-10-30T14:46:26","slug":"youjo-senki-anime-zieht-im-januar-ins-tv-ein","status":"publish","type":"post","link":"https:\/\/anihabara.de\/index.php\/2016\/11\/25\/youjo-senki-anime-zieht-im-januar-ins-tv-ein\/","title":{"rendered":"Youjo Senki: Anime zieht im Januar ins TV ein"},"content":{"rendered":"<p><span style=\"font-size: 16pt;\">Mit Opening von Myth &amp; Roid (Re:Zero) startet im Januar ein Fantasy-Milit\u00e4r-Anime \u00fcber die gef\u00fcrchtete Magier-Generalin Tanya auf Japans TV-Sendern.<\/span><\/p>\n<p><!--more--><\/p>\n<p><img decoding=\"async\" class=\" alignright size-full wp-image-11352\" style=\"float: right; margin-left: 2%;\" src=\"https:\/\/anihabara.de\/wp-content\/uploads\/2016\/11\/yojo-senki-kv-2.jpeg\" alt=\"Youjo Senki - Key-Visual\" width=\"25%\" srcset=\"https:\/\/anihabara.de\/wp-content\/uploads\/2016\/11\/yojo-senki-kv-2.jpeg 457w, https:\/\/anihabara.de\/wp-content\/uploads\/2016\/11\/yojo-senki-kv-2-211x300.jpeg 211w\" sizes=\"(max-width: 457px) 100vw, 457px\" \/>Auf einer Pressekonferenz zum kommenden Winterseason-Anime <em>Youji Senki: Saga of Tanya the Evil<\/em> gaben die Verantwortlichen vor Ort am Donnerstag Informationen zu Produktionsteam und Synchronsprechern bekannt. Der Anime basiert auf der gleichnamigen Lightnovel-Reihe von Autor Carlo Zen und Illustrator Shinobu Shinotsuki.<\/p>\n<p>Demnach f\u00fchrt Yutaka Uemura (<em>Punch Line<\/em>) die Regie beim ersten gro\u00dfen Projekt von Neu-Studio NuT. Animationsdirektor Yuji Hosogoe (<em>Berserk &#8211; Das Goldene Zeitalter<\/em>) ist gleichzeitig zust\u00e4ndig f\u00fcr das Charakterdesign und wird dabei von Kana Harufuji assistiert. Au\u00dferdem mit dabei sind Kenta Ihara (<em>Ajin<\/em>) als Skriptschreiber und Shuuji Katayama (<em>Overlord<\/em>) als Musikkomponist.<\/p>\n<p>Zus\u00e4tzlich ist Tanya-Sprecherin Aoki Yuuki auch S\u00e4ngerin von \u201eLos! Los! Los!\u201c \u2013 dem Ending der Serie. Myth &amp; Roid auf der anderen Seite steuern das Opening \u201eJingo Jungle\u201c bei.<\/p>\n<p>F\u00fcr den Fantasy-Anime geht es dann am 6. Januar um 14 Uhr MEZ auf AT-X los. Im Anschluss folgen Ausstrahlungen auf Tokyo MX, Sun TV, KBS Kyoto, TV Aichi und BS11 sowie einem Stream auf Abema TV.&nbsp;<\/p>\n<p>Ihre aktuell sechsb\u00e4ndige Fantasy-Reihe starteten Zen und Shinotsuki 2013 bei Kadokawas Lightnovel-Marke Enterbrain. Seit April zeichnet Chika Toujou (<em>Code Geass: Oz the Relection 02<\/em>) au\u00dferdem an einer Manga-Version der Novel im Magazin <em>Monthly Comp Ace<\/em> \u2013 ebenfalls von Kadokawa.<\/p>\n<p><img decoding=\"async\" class=\" size-full wp-image-11353\" src=\"https:\/\/anihabara.de\/wp-content\/uploads\/2016\/11\/tanya.png\" alt=\"Tanya\" width=\"12%\" srcset=\"https:\/\/anihabara.de\/wp-content\/uploads\/2016\/11\/tanya.png 207w, https:\/\/anihabara.de\/wp-content\/uploads\/2016\/11\/tanya-114x300.png 114w\" sizes=\"(max-width: 207px) 100vw, 207px\" \/><img decoding=\"async\" class=\" size-full wp-image-11354\" src=\"https:\/\/anihabara.de\/wp-content\/uploads\/2016\/11\/relgen.jpg\" alt=\"Relgen\" width=\"13%\" srcset=\"https:\/\/anihabara.de\/wp-content\/uploads\/2016\/11\/relgen.jpg 230w, https:\/\/anihabara.de\/wp-content\/uploads\/2016\/11\/relgen-125x300.jpg 125w\" sizes=\"(max-width: 230px) 100vw, 230px\" \/><img decoding=\"async\" class=\" size-full wp-image-11355\" src=\"https:\/\/anihabara.de\/wp-content\/uploads\/2016\/11\/seetour.jpg\" alt=\"Seetour\" width=\"11%\" srcset=\"https:\/\/anihabara.de\/wp-content\/uploads\/2016\/11\/seetour.jpg 197w, https:\/\/anihabara.de\/wp-content\/uploads\/2016\/11\/seetour-107x300.jpg 107w\" sizes=\"(max-width: 197px) 100vw, 197px\" \/><img decoding=\"async\" class=\" size-full wp-image-11356\" src=\"https:\/\/anihabara.de\/wp-content\/uploads\/2016\/11\/visha.jpg\" alt=\"Visha\" width=\"9%\" srcset=\"https:\/\/anihabara.de\/wp-content\/uploads\/2016\/11\/visha.jpg 169w, https:\/\/anihabara.de\/wp-content\/uploads\/2016\/11\/visha-92x300.jpg 92w\" sizes=\"(max-width: 169px) 100vw, 169px\" \/><img decoding=\"async\" class=\" size-full wp-image-11357\" src=\"https:\/\/anihabara.de\/wp-content\/uploads\/2016\/11\/ludeldorf.jpg\" alt=\"Ludeldorf\" width=\"14%\" srcset=\"https:\/\/anihabara.de\/wp-content\/uploads\/2016\/11\/ludeldorf.jpg 243w, https:\/\/anihabara.de\/wp-content\/uploads\/2016\/11\/ludeldorf-133x300.jpg 133w\" sizes=\"(max-width: 243px) 100vw, 243px\" \/><\/p>\n<p><span style=\"text-decoration: underline;\">Zu den <a href=\"https:\/\/myanimelist.net\/anime\/32615\/Youjo_Senki\/characters\" target=\"_blank\" rel=\"noopener\">Charakteren<\/a>, den Gener\u00e4len der kaiserlichen Armee, geh\u00f6ren:<\/span><\/p>\n<p>(Reihenfolge:<em> von links nach rechts<\/em>)<\/p>\n<ul>\n<li><a href=\"https:\/\/myanimelist.net\/people\/6686\/\" target=\"_blank\" rel=\"noopener\">Aoki Yuuki<\/a> als Tanya (<em>Madoka<\/em> aus <em>Mahou Shoujo Madoka Magica<\/em>)<\/li>\n<li><a href=\"https:\/\/myanimelist.net\/people\/22\/\" target=\"_blank\" rel=\"noopener\">Shinichiro Miki<\/a> als Relgen (<em>Takumi Fujiwara<\/em> aus <em>Initial D<\/em>)<\/li>\n<li><a href=\"https:\/\/myanimelist.net\/people\/337\/\" target=\"_blank\" rel=\"noopener\">Houchu Ohtsuka<\/a> als Seetour (<em>Satou<\/em> aus <em>Ajin<\/em>)<\/li>\n<li><a href=\"https:\/\/myanimelist.net\/people\/869\/\" target=\"_blank\" rel=\"noopener\">Saori Hayami<\/a> als Visha (<em>Saki Morimi<\/em> aus <em>Higashi no Eden<\/em>)<\/li>\n<li><a href=\"https:\/\/myanimelist.net\/people\/761\/\" target=\"_blank\" rel=\"noopener\">Tessyo Genda<\/a> als Ludeldorf (<em>Optimus Prime<\/em> aus <em>Transformers<\/em>)<\/li>\n<\/ul>\n<p><span style=\"text-decoration: underline;\">Darum geht es:<\/span><\/p>\n<blockquote><p>Eine junge Frau mit blondem Haar, blauen Augen und beinahe durchscheinend wei\u00dfer Haut k\u00e4mpft im Krieg an vorderster Front, wo sie ihre Feinde gnadenlos niederstreckt. Ihr Name ist Tanya Degurechov, trotz ihres m\u00e4dchenhaften Gelispels und dem kleinen K\u00f6rper fungiert sie als Elite-Generalin der japanischen Armee. Einst war sie ein einflussreicher B\u00fcroangestellter wurde jedoch von einem rachs\u00fcchtigen Gott als kleines M\u00e4dchen wiedergeboren. Tanya stellt ihre Karriere an erste Stelle und hat sich zum Ziel gesetzt, zur meist gef\u00fcrchteten Magierin in der kaiserlichen Armee zu werden.<\/p><\/blockquote>\n<p>(Quelle: ANN)<\/p>\n","protected":false},"excerpt":{"rendered":"<p>Mit Opening von Myth &amp; Roid (Re:Zero) startet im Januar ein Fantasy-Milit\u00e4r-Anime \u00fcber die gef\u00fcrchtete Magier-Generalin Tanya auf Japans TV-Sendern.<\/p>\n","protected":false},"author":100,"featured_media":19003,"comment_status":"open","ping_status":"open","sticky":false,"template":"","format":"standard","meta":{"_acf_changed":false,"episode_type":"","audio_file":"","cover_image":"","cover_image_id":"","duration":"","filesize":"","date_recorded":"","explicit":"","block":"","filesize_raw":"","footnotes":""},"categories":[983],"tags":[1026,1012],"class_list":["post-11358","post","type-post","status-publish","format-standard","has-post-thumbnail","hentry","category-anime-jp","tag-lightnoveladaption","tag-neuer-anime"],"acf":[],"_links":{"self":[{"href":"https:\/\/anihabara.de\/index.php\/wp-json\/wp\/v2\/posts\/11358","targetHints":{"allow":["GET"]}}],"collection":[{"href":"https:\/\/anihabara.de\/index.php\/wp-json\/wp\/v2\/posts"}],"about":[{"href":"https:\/\/anihabara.de\/index.php\/wp-json\/wp\/v2\/types\/post"}],"author":[{"embeddable":true,"href":"https:\/\/anihabara.de\/index.php\/wp-json\/wp\/v2\/users\/100"}],"replies":[{"embeddable":true,"href":"https:\/\/anihabara.de\/index.php\/wp-json\/wp\/v2\/comments?post=11358"}],"version-history":[{"count":1,"href":"https:\/\/anihabara.de\/index.php\/wp-json\/wp\/v2\/posts\/11358\/revisions"}],"predecessor-version":[{"id":19004,"href":"https:\/\/anihabara.de\/index.php\/wp-json\/wp\/v2\/posts\/11358\/revisions\/19004"}],"wp:featuredmedia":[{"embeddable":true,"href":"https:\/\/anihabara.de\/index.php\/wp-json\/wp\/v2\/media\/19003"}],"wp:attachment":[{"href":"https:\/\/anihabara.de\/index.php\/wp-json\/wp\/v2\/media?parent=11358"}],"wp:term":[{"taxonomy":"category","embeddable":true,"href":"https:\/\/anihabara.de\/index.php\/wp-json\/wp\/v2\/categories?post=11358"},{"taxonomy":"post_tag","embeddable":true,"href":"https:\/\/anihabara.de\/index.php\/wp-json\/wp\/v2\/tags?post=11358"}],"curies":[{"name":"wp","href":"https:\/\/api.w.org\/{rel}","templated":true}]}}