{"id":10478,"date":"2016-05-25T12:54:36","date_gmt":"2016-05-25T10:54:36","guid":{"rendered":"https:\/\/anihabara.de\/index.php\/2016\/05\/25\/yoshitoki-ooima-koe-no-katachi-mit-fantasy-manga-im-herbst\/"},"modified":"2023-10-30T18:30:13","modified_gmt":"2023-10-30T17:30:13","slug":"yoshitoki-ooima-koe-no-katachi-mit-fantasy-manga-im-herbst","status":"publish","type":"post","link":"https:\/\/anihabara.de\/index.php\/2016\/05\/25\/yoshitoki-ooima-koe-no-katachi-mit-fantasy-manga-im-herbst\/","title":{"rendered":"Yoshitoki Ooima (Koe no Katachi) mit Fantasy-Manga im Herbst"},"content":{"rendered":"<p><span style=\"font-size: 16pt;\">Nachdem Koe no Katachi in Japan l\u00e4ngst ein Hit ist, startet Yoshitoki Ooima ihren neuen Fantasy-Manga im Herbst erneut im Weekly Shonen Magazine.<\/span><\/p>\n<p><!--more--><\/p>\n<p>Die diesj\u00e4hrige 26. Ausgabe des <em>Weekly Shonen Magazine<\/em> verriet am heutigen Mittwoch, dass <strong>Yoshitoki Ooima<\/strong> (<em>Koe no Katachi<\/em>) ab Herbst ihren neuen Fantasy-Manga in Kodanshas Kult-Magazin ver\u00f6ffentlichen wird. Zusammen mit einem ersten Bild wird der Manga angeteasert als herzzerrei\u00dfendes Werk \u00fcber einen Jungen, dessen Blick sowohl die G\u00fcte als auch die Schwere der Welt widerspiegelt.<\/p>\n<p>Ooima startete zuvor 2011 mit einem One-Shot ihr siebenb\u00e4ndiges Werk <strong>Koe no Katachi<\/strong> (<em>A Silent Voice<\/em>), welches sp\u00e4ter ab August 2013 bis November 2014 ebenfalls im <em>Weekly Shonen Magazine<\/em> erschien. Hierzulande erscheint das Alltagsdrama ab Juli bei <strong><a href=\"http:\/\/www.egmont-manga.de\/buch-buchreihe\/a-silent-voice\/\" target=\"_blank\" rel=\"noopener\">Egmont<\/a><\/strong> im Programm.<\/p>\n<p>Zuvor <a href=\"https:\/\/anihabara.de\/index.php\/2016\/04\/11\/neue-details-zu-kyoanis-koe-no-katachi\/\" target=\"_blank\" rel=\"noopener\">berichteten<\/a> wir bereits in dem Zusammenhang, dass <strong>Kyoto Animation<\/strong> am 17. September mit <strong>Naoko Yamada<\/strong> (<em>K-On!<\/em>) als Regisseurin einen Anime-Film zu Koe no Katachi bringt.<\/p>\n<p>(Quelle: ANN)<\/p>\n","protected":false},"excerpt":{"rendered":"<p>Nachdem Koe no Katachi in Japan l\u00e4ngst ein Hit ist, startet Yoshitoki Ooima ihren neuen Fantasy-Manga im Herbst erneut im Weekly Shonen Magazine.<\/p>\n","protected":false},"author":100,"featured_media":19155,"comment_status":"open","ping_status":"open","sticky":false,"template":"","format":"standard","meta":{"_acf_changed":false,"episode_type":"","audio_file":"","cover_image":"","cover_image_id":"","duration":"","filesize":"","date_recorded":"","explicit":"","block":"","filesize_raw":"","footnotes":""},"categories":[984],"tags":[1013],"class_list":["post-10478","post","type-post","status-publish","format-standard","has-post-thumbnail","hentry","category-manga-jp","tag-neuer-manga"],"acf":[],"_links":{"self":[{"href":"https:\/\/anihabara.de\/index.php\/wp-json\/wp\/v2\/posts\/10478","targetHints":{"allow":["GET"]}}],"collection":[{"href":"https:\/\/anihabara.de\/index.php\/wp-json\/wp\/v2\/posts"}],"about":[{"href":"https:\/\/anihabara.de\/index.php\/wp-json\/wp\/v2\/types\/post"}],"author":[{"embeddable":true,"href":"https:\/\/anihabara.de\/index.php\/wp-json\/wp\/v2\/users\/100"}],"replies":[{"embeddable":true,"href":"https:\/\/anihabara.de\/index.php\/wp-json\/wp\/v2\/comments?post=10478"}],"version-history":[{"count":2,"href":"https:\/\/anihabara.de\/index.php\/wp-json\/wp\/v2\/posts\/10478\/revisions"}],"predecessor-version":[{"id":19169,"href":"https:\/\/anihabara.de\/index.php\/wp-json\/wp\/v2\/posts\/10478\/revisions\/19169"}],"wp:featuredmedia":[{"embeddable":true,"href":"https:\/\/anihabara.de\/index.php\/wp-json\/wp\/v2\/media\/19155"}],"wp:attachment":[{"href":"https:\/\/anihabara.de\/index.php\/wp-json\/wp\/v2\/media?parent=10478"}],"wp:term":[{"taxonomy":"category","embeddable":true,"href":"https:\/\/anihabara.de\/index.php\/wp-json\/wp\/v2\/categories?post=10478"},{"taxonomy":"post_tag","embeddable":true,"href":"https:\/\/anihabara.de\/index.php\/wp-json\/wp\/v2\/tags?post=10478"}],"curies":[{"name":"wp","href":"https:\/\/api.w.org\/{rel}","templated":true}]}}